{"id":611550,"date":"2025-02-04T14:30:55","date_gmt":"2025-02-04T13:30:55","guid":{"rendered":"https:\/\/www.seaottereurope.com\/?p=611550"},"modified":"2026-01-12T11:11:37","modified_gmt":"2026-01-12T10:11:37","slug":"la-sea-otter-europe-2025-acollira-una-copa-del-mon-xcm-el-21-de-setembre","status":"publish","type":"post","link":"https:\/\/www.seaottereurope.com\/ca\/la-sea-otter-europe-2025-acollira-una-copa-del-mon-xcm-el-21-de-setembre\/","title":{"rendered":"LA SEA OTTER EUROPE 2025 ACOLLIR\u00c0 UNA COPA DEL M\u00d3N XCM EL 21 DE SETEMBRE"},"content":{"rendered":"<p><strong><em>La Tramun -organitzada pel Club BTT Fornells- i la Sea Otter Europe s&#8217;associen per presentar un dels grans esdeveniments esportius de l&#8217;any<\/em><\/strong><\/p>\n<p><strong><em>La cursa\u202fatraur\u00e0 als millors especialistes de la disciplina i far\u00e0 del festival un esdeveniment encara m\u00e9s internacional<\/em><\/strong><\/p>\n<p>La <strong>Sea Otter Europe Costa Brava-Girona<\/strong>\u202fde l\u2019any vinent acollir\u00e0 una prova de la Copa del M\u00f3n de la modalitat Cross Country Marat\u00f3 (XCM). L&#8217;esdeveniment s&#8217;emmarca en el programa esportiu de la Sea Otter Europe i adopta el recorregut de La Tramun, la popular prova de BTT que compta amb m\u00e9s de 25 anys d\u2019hist\u00f2ria. Gr\u00e0cies a aquesta alian\u00e7a, la prova es convertir\u00e0 ara en una cita obligat\u00f2ria dins el calendari dels millors corredors de la disciplina, que hauran de batallar pels incomparables corriols que envolten una de les grans capitals mundials del ciclisme. La cursa, batejada com\u202fLa Tramun Sea Otter Europe,\u202ftindr\u00e0 com escenari d&#8217;aquest esdeveniment mundial els paisatges \u200bboscosos de Girona, la Garrotxa, la Vall d\u2019Hostoles i la Vall del Ll\u00e9mena.\u200b<\/p>\n<p>El prestigi d\u2019una prova de la Copa del M\u00f3n ser\u00e0 un nou reclam pel festival Sea Otter Europe, que augmenta la seva aposta per ser una refer\u00e8ncia internacional i rep amb els bra\u00e7os oberts l&#8217;arribada de la Copa del M\u00f3n XCM. Ser\u00e0 una de les \u00faltimes proves del calendari, de manera que molt probablement <a href=\"https:\/\/bikemarathonbtt.com\/ca\/uci-world-cup-mtb-marathon-ca\/la-tramun-sea-otter-europe\/\" target=\"_blank\" rel=\"noopener\"><strong>La Tramun Sea Otter Europe<\/strong><\/a> sigui decisiva per a la classificaci\u00f3 general.<\/p>\n<p>Aquest anunci eleva el llist\u00f3 d&#8217;un programa esportiu de reconegut inter\u00e8s mundial, que tamb\u00e9 comptar\u00e0 per segon any consecutiu amb les\u202f<strong>UCI Gravel World Series.<\/strong>\u200b<\/p>\n<p>El president de la\u202f<strong>Diputaci\u00f3 de Girona<\/strong> i del <strong>Patronat de Turisme Costa Brava Girona, Miquel Noguer<\/strong>,\u202fcelebra l\u2019arribada de la prova de la Copa del M\u00f3n \u201cque ens ajudar\u00e0 a excel\u00b7lir en el posicionament de la Costa Brava i Girona com a destinacions de ciclisme de primer ordre. Aquesta prova ser\u00e0 un nou al\u00b7licient pels competidors i per als aficionats a la bicicleta. Pels visitants tamb\u00e9 ser\u00e0 una oportunitat \u00fanica per descobrir els atractius paisatg\u00edstics, culturals i gastron\u00f2mics de la Costa Brava i el Pirineu de Girona. Confirmem que el festival Sea Otter Europe Costa Brava-Girona es consolida despr\u00e9s de vuit edicions i esdev\u00e9 un catalitzador extraordinari d\u2019esdeveniments esportius internacionals alhora que un pol d\u2019atracci\u00f3 de l\u2019elit en les diferents disciplines de ciclisme\u201d.<\/p>\n<p>Aquesta prova suposar\u00e0 un gran benefici i l\u2019arribada de visitants i aficionats al ciclisme a la ciutat de Girona. La vicealcaldessa Gemma Geis, manifesta que \u201c\u00e9s il\u00b7lusionant que la Sea Otter Europe incorpori noves proves i creixi com a esdeveniment, apostant per posar en valor el patrimoni natural de Girona i el seu entorn.\u201d De la seva banda, el regidor d\u2019esports, \u00c0dam Bertran, apunta que &#8220;des de l&#8217;Ajuntament de Girona, el servei d&#8217;esports aposta per esdeveniments esportius de primera a la ciutat, que aportin valor afegit i foment de l&#8217;esport de base. Que els millors ciclistes del m\u00f3n vinguin a Girona, situa la ciutat un cop m\u00e9s com una ciutat d&#8217;\u00e8xit esportiu i que l&#8217;aposta per esdevenir referents d&#8217;esport d&#8217;elit i de base est\u00e0 funcionant&#8221;.<\/p>\n<h2>Aix\u00ed \u00e9s La Tramun Sea Otter Europe Girona: 78 km i 2.800 m positius<\/h2>\n<p>La Tramun Sea Otter Europe Girona es defineix amb dos conceptes: dura i captivadora. La cursa proposa un recorregut espectacular, marcat per l&#8217;enorme quantitat de corriols que conformen el circuit, amb sortida a Les Planes d\u2019Hostoles (Garrotxa) i final a Girona.\u202f<strong>Els corriols<\/strong>,\u202fque han convertit la ciutat de Girona en lloc de pelegrinatge ciclista, s\u00f3n els grans protagonistes d&#8217;un tra\u00e7at que posa a prova les condicions f\u00edsiques i les habilitats t\u00e8cniques dels corredors. \u200b<\/p>\n<p>La Copa del M\u00f3n XCM donar\u00e0 cabuda tant a competidors de la\u202fcategoria Elit\u202fcom aquells que disposin de llic\u00e8ncia\u202f<strong>UCI Master<\/strong>.\u202fA m\u00e9s, l&#8217;organitzaci\u00f3 tamb\u00e9 oferir\u00e0 la possibilitat de participar en\u202f<strong>categoria Open<\/strong>.<\/p>\n<p>D&#8217;altra banda, la\u202fMarathon Cup BTT\u202fes mant\u00e9 al programa esportiu del festival\u202f\u202fi far\u00e0 l&#8217;\u00faltima parada del campionat a la Sea Otter Europe 2025, de manera que qui vulgui podr\u00e0 seguir gaudint de l&#8217;habitual oferta del campionat: dist\u00e0ncia llarga (60 km) i dist\u00e0ncia curta (40 km) -ambdues opcions tamb\u00e9 per a categoria Pro i Open-.<\/p>\n<p><strong>El recorregut de la Tramun Sea Otter Europe, amb 78 km i 2.800 metres de desnivell positiu, \u00e9s d\u2019un atractiu incomparable.\u202f<\/strong>La sortida tindr\u00e0 lloc a Les Planes d&#8217;Hostoles. L\u2019alcalde del municipi, Marc Puig, es mostra molt satisfet amb la not\u00edcia i afirma que \u201cpel poble \u00e9s molt important per l\u2019impacte positiu\u201d de la cursa, aix\u00ed com una mostra de l\u2019aposta del consistori pels esdeveniments esportius.<\/p>\n<p>Els corredors s&#8217;endinsaran en una infinita successi\u00f3 de corriols, en una transici\u00f3 que anir\u00e0 des de l&#8217;entorn volc\u00e0nic de la Garrotxa fins els boscos mediterranis que envolten Girona. La primera part de la cursa estar\u00e0 marcada pels exigents ascensos, mentre que a la segona hi haur\u00e0 una baixada llarga i pronunciada, que portar\u00e0 a creuar la meta amb un descens negatiu acumulat de 3.150 metres.<\/p>\n<p>\u200bEl recorregut \u00e9s una aposta segura, ja que ser\u00e0 el mateix que La Tramun, l\u2019emblem\u00e0tica cursa organitzada pel Club BTT Fornells.<\/p>\n<p>La l\u00ednia de meta estar\u00e0 situada dins el recinte firal de la\u202f<strong>Sea Otter Europe<\/strong>,\u202famb un nombr\u00f3s p\u00fablic pendent de les arribades dels ciclistes, en el marc d\u2019un dels festivals internacionals de ciclisme m\u00e9s importants del m\u00f3n, que se celebrar\u00e0 <strong>a\u202fGirona el 19-20-21 de setembre<\/strong>.L\u2018esdeveniment compta amb el suport de l&#8217;Ajuntament de Girona, la Diputaci\u00f3 de Girona, la Secretaria General de l&#8217;Esport i la Federaci\u00f3 Catalana de Ciclisme.<\/p>\n","protected":false},"excerpt":{"rendered":"<p>La Tramun -organitzada pel Club BTT Fornells- i la Sea Otter Europe s&#8217;associen per presentar un dels grans esdeveniments esportius de l&#8217;any La cursa\u202fatraur\u00e0 als millors especialistes de la disciplina i far\u00e0 del festival un esdeveniment encara m\u00e9s internacional La Sea Otter Europe Costa Brava-Girona\u202fde l\u2019any vinent acollir\u00e0 una prova de la Copa del M\u00f3n&hellip;<\/p>\n","protected":false},"author":4,"featured_media":611557,"comment_status":"closed","ping_status":"closed","sticky":false,"template":"","format":"standard","meta":{"footnotes":""},"categories":[1],"tags":[],"class_list":["post-611550","post","type-post","status-publish","format-standard","has-post-thumbnail","hentry","category-general-ca","category-1","description-off"],"_links":{"self":[{"href":"https:\/\/www.seaottereurope.com\/ca\/wp-json\/wp\/v2\/posts\/611550","targetHints":{"allow":["GET"]}}],"collection":[{"href":"https:\/\/www.seaottereurope.com\/ca\/wp-json\/wp\/v2\/posts"}],"about":[{"href":"https:\/\/www.seaottereurope.com\/ca\/wp-json\/wp\/v2\/types\/post"}],"author":[{"embeddable":true,"href":"https:\/\/www.seaottereurope.com\/ca\/wp-json\/wp\/v2\/users\/4"}],"replies":[{"embeddable":true,"href":"https:\/\/www.seaottereurope.com\/ca\/wp-json\/wp\/v2\/comments?post=611550"}],"version-history":[{"count":2,"href":"https:\/\/www.seaottereurope.com\/ca\/wp-json\/wp\/v2\/posts\/611550\/revisions"}],"predecessor-version":[{"id":618810,"href":"https:\/\/www.seaottereurope.com\/ca\/wp-json\/wp\/v2\/posts\/611550\/revisions\/618810"}],"wp:featuredmedia":[{"embeddable":true,"href":"https:\/\/www.seaottereurope.com\/ca\/wp-json\/wp\/v2\/media\/611557"}],"wp:attachment":[{"href":"https:\/\/www.seaottereurope.com\/ca\/wp-json\/wp\/v2\/media?parent=611550"}],"wp:term":[{"taxonomy":"category","embeddable":true,"href":"https:\/\/www.seaottereurope.com\/ca\/wp-json\/wp\/v2\/categories?post=611550"},{"taxonomy":"post_tag","embeddable":true,"href":"https:\/\/www.seaottereurope.com\/ca\/wp-json\/wp\/v2\/tags?post=611550"}],"curies":[{"name":"wp","href":"https:\/\/api.w.org\/{rel}","templated":true}]}}