{"id":613019,"date":"2025-04-23T13:00:11","date_gmt":"2025-04-23T11:00:11","guid":{"rendered":"https:\/\/www.seaottereurope.com\/?p=613019"},"modified":"2026-01-07T14:41:26","modified_gmt":"2026-01-07T13:41:26","slug":"sea-otter-europe-by-garmin-aconsegueix-el-80-percent-de-reserva-despai-a-la-zona-expo","status":"publish","type":"post","link":"https:\/\/www.seaottereurope.com\/ca\/sea-otter-europe-by-garmin-aconsegueix-el-80-percent-de-reserva-despai-a-la-zona-expo\/","title":{"rendered":"SEA OTTER EUROPE BY GARMIN ARRIBA AL 80% DE RESERVA D&#8217;ESPAI A LA ZONA EXPO"},"content":{"rendered":"<h3><em>L&#8217;ampliaci\u00f3 de la zona verda permetr\u00e0 a les marques una major visibilitat i connexi\u00f3 directa amb el p\u00fablic.<\/em><\/h3>\n<p>Sea Otter Europe Costa Brava-Girona by Garmin i l&#8217;Euro Mobility Festival continuen consolidant-se com a esdeveniments imprescindibles al calendari del ciclisme internacional i la mobilitat sostenible. Despr\u00e9s de l&#8217;\u00e8xit de les edicions anteriors, la cita del 2025, que se celebrar\u00e0 del 19 al 21 de setembre a Girona, continua la seva evoluci\u00f3 positiva, tant en nombre de marques com en superf\u00edcie disponible. <\/p>\n<p>A falta de m\u00e9s de cinc mesos per a la seva celebraci\u00f3, ja s&#8217;ha arribat al 80% d&#8217;ocupaci\u00f3 de l&#8217;espai expositiu disponible, cosa que anticipa una vegada m\u00e9s el ple total i reafirma el gran inter\u00e8s del sector per formar part del festival.<\/p>\n<p>A m\u00e9s, enguany l&#8217;esdeveniment creix a la zona verda, una de les \u00e0rees m\u00e9s din\u00e0miques del recinte, per donar m\u00e9s cabuda a marques que busquen potenciar la seva pres\u00e8ncia als espais de demobike i tenir m\u00e9s contacte directe amb el visitant final i les competicions. Aquest espai comptar\u00e0 tamb\u00e9 amb destinacions tur\u00edstiques, marques d&#8217;accessoris, zones chill out i \u00e0rees vinculades a proves esportives, refor\u00e7ant el seu paper com a punt neur\u00e0lgic d&#8217;experi\u00e8ncia i visibilitat per als expositors. <\/p>\n<p>Sea Otter Europe i l&#8217;Euro Mobility Festival s&#8217;han convertit en un espai de trobada ineludible per a professionals, marques, institucions i p\u00fablic general, en un entorn incomparable com \u00e9s la Costa Brava i la ciutat de Girona. L&#8217;edici\u00f3 del 2025 promet continuar marcant un nou est\u00e0ndard en festivals de ciclisme i mobilitat a Europa. <\/p>\n","protected":false},"excerpt":{"rendered":"<p>L&#8217;ampliaci\u00f3 de la zona verda permetr\u00e0 a les marques una major visibilitat i connexi\u00f3 directa amb el p\u00fablic. Sea Otter Europe Costa Brava-Girona by Garmin i l&#8217;Euro Mobility Festival continuen consolidant-se com a esdeveniments imprescindibles al calendari del ciclisme internacional i la mobilitat sostenible. Despr\u00e9s de l&#8217;\u00e8xit de les edicions anteriors, la cita del 2025,&hellip;<\/p>\n","protected":false},"author":4,"featured_media":618996,"comment_status":"closed","ping_status":"closed","sticky":false,"template":"","format":"standard","meta":{"footnotes":""},"categories":[236],"tags":[],"class_list":["post-613019","post","type-post","status-publish","format-standard","has-post-thumbnail","hentry","category-general","category-236","description-off"],"_links":{"self":[{"href":"https:\/\/www.seaottereurope.com\/ca\/wp-json\/wp\/v2\/posts\/613019","targetHints":{"allow":["GET"]}}],"collection":[{"href":"https:\/\/www.seaottereurope.com\/ca\/wp-json\/wp\/v2\/posts"}],"about":[{"href":"https:\/\/www.seaottereurope.com\/ca\/wp-json\/wp\/v2\/types\/post"}],"author":[{"embeddable":true,"href":"https:\/\/www.seaottereurope.com\/ca\/wp-json\/wp\/v2\/users\/4"}],"replies":[{"embeddable":true,"href":"https:\/\/www.seaottereurope.com\/ca\/wp-json\/wp\/v2\/comments?post=613019"}],"version-history":[{"count":2,"href":"https:\/\/www.seaottereurope.com\/ca\/wp-json\/wp\/v2\/posts\/613019\/revisions"}],"predecessor-version":[{"id":618838,"href":"https:\/\/www.seaottereurope.com\/ca\/wp-json\/wp\/v2\/posts\/613019\/revisions\/618838"}],"wp:featuredmedia":[{"embeddable":true,"href":"https:\/\/www.seaottereurope.com\/ca\/wp-json\/wp\/v2\/media\/618996"}],"wp:attachment":[{"href":"https:\/\/www.seaottereurope.com\/ca\/wp-json\/wp\/v2\/media?parent=613019"}],"wp:term":[{"taxonomy":"category","embeddable":true,"href":"https:\/\/www.seaottereurope.com\/ca\/wp-json\/wp\/v2\/categories?post=613019"},{"taxonomy":"post_tag","embeddable":true,"href":"https:\/\/www.seaottereurope.com\/ca\/wp-json\/wp\/v2\/tags?post=613019"}],"curies":[{"name":"wp","href":"https:\/\/api.w.org\/{rel}","templated":true}]}}