{"id":613806,"date":"2025-06-17T08:23:42","date_gmt":"2025-06-17T06:23:42","guid":{"rendered":"https:\/\/www.seaottereurope.com\/shimano-sea-otter-europe-by-garmin-alcanza-el-92-de-reserva-del-espacio-en-la-zona-expo\/"},"modified":"2026-01-07T14:41:39","modified_gmt":"2026-01-07T13:41:39","slug":"shimano-sea-otter-europe-by-garmin-arriba-al-92-de-reserva-de-l-espai-a-la-zona-expo","status":"publish","type":"post","link":"https:\/\/www.seaottereurope.com\/ca\/shimano-sea-otter-europe-by-garmin-arriba-al-92-de-reserva-de-l-espai-a-la-zona-expo\/","title":{"rendered":"SHIMANO SEA OTTER EUROPE BY GARMIN ARRIBA AL 92% DE RESERVA DE L&#8217;ESPAI A LA ZONA EXPO"},"content":{"rendered":"<p>A tres mesos de la seva celebraci\u00f3, <strong>Sea Otter Europe 2025<\/strong> ja ha cobert el <strong>92% de l&#8217;espai expositiu<\/strong> disponible, cosa que anticipa, un any m\u00e9s, un ple absolut a la zona expo. Aquesta xifra no nom\u00e9s reflecteix l&#8217;alt nivell d&#8217;ocupaci\u00f3, sin\u00f3 que reafirma l&#8217;enorme inter\u00e8s i la confian\u00e7a del sector ciclista internacional en el festival. <\/p>\n<p>La resposta per part de les marques ha estat, una vegada m\u00e9s, aclaparadora. Grans referents del m\u00f3n del ciclisme \u2014des del ciclisme de carretera fins a l&#8217;MTB, el gravel i les bicicletes el\u00e8ctriques\u2014 han confirmat la seva pres\u00e8ncia, juntament amb moltes empreses emergents que busquen posicionar-se en un entorn d&#8217;alta visibilitat i contacte directe amb el p\u00fablic aficionat. <\/p>\n<p>Aquest alt grau de participaci\u00f3 consolida Sea Otter Europe com <strong>un dels festivals ciclistes de refer\u00e8ncia a Europa<\/strong>, no nom\u00e9s per la seva capacitat de convocat\u00f2ria, sin\u00f3 tamb\u00e9 per la seva combinaci\u00f3 \u00fanica de zona expo, proves esportives de primer nivell, activitats per a tots els p\u00fablics i un entorn immillorable com \u00e9s la ciutat de Girona i la Costa Brava.<\/p>\n<p>L&#8217;organitzaci\u00f3 continua treballant per tancar les \u00faltimes confirmacions de marques i garantir una edici\u00f3 2025 encara m\u00e9s ambiciosa, refor\u00e7ant tant els continguts com l&#8217;experi\u00e8ncia per a expositors i els milers de visitants que s&#8217;esperen <strong>del 19 al 21 de setembre.<\/strong><\/p>\n","protected":false},"excerpt":{"rendered":"<p>A tres mesos de la seva celebraci\u00f3, Sea Otter Europe 2025 ja ha cobert el 92% de l&#8217;espai expositiu disponible, cosa que anticipa, un any m\u00e9s, un ple absolut a la zona expo. Aquesta xifra no nom\u00e9s reflecteix l&#8217;alt nivell d&#8217;ocupaci\u00f3, sin\u00f3 que reafirma l&#8217;enorme inter\u00e8s i la confian\u00e7a del sector ciclista internacional en el&hellip;<\/p>\n","protected":false},"author":4,"featured_media":619002,"comment_status":"closed","ping_status":"closed","sticky":false,"template":"","format":"standard","meta":{"footnotes":""},"categories":[1],"tags":[],"class_list":["post-613806","post","type-post","status-publish","format-standard","has-post-thumbnail","hentry","category-general-ca","category-1","description-off"],"_links":{"self":[{"href":"https:\/\/www.seaottereurope.com\/ca\/wp-json\/wp\/v2\/posts\/613806","targetHints":{"allow":["GET"]}}],"collection":[{"href":"https:\/\/www.seaottereurope.com\/ca\/wp-json\/wp\/v2\/posts"}],"about":[{"href":"https:\/\/www.seaottereurope.com\/ca\/wp-json\/wp\/v2\/types\/post"}],"author":[{"embeddable":true,"href":"https:\/\/www.seaottereurope.com\/ca\/wp-json\/wp\/v2\/users\/4"}],"replies":[{"embeddable":true,"href":"https:\/\/www.seaottereurope.com\/ca\/wp-json\/wp\/v2\/comments?post=613806"}],"version-history":[{"count":2,"href":"https:\/\/www.seaottereurope.com\/ca\/wp-json\/wp\/v2\/posts\/613806\/revisions"}],"predecessor-version":[{"id":618851,"href":"https:\/\/www.seaottereurope.com\/ca\/wp-json\/wp\/v2\/posts\/613806\/revisions\/618851"}],"wp:featuredmedia":[{"embeddable":true,"href":"https:\/\/www.seaottereurope.com\/ca\/wp-json\/wp\/v2\/media\/619002"}],"wp:attachment":[{"href":"https:\/\/www.seaottereurope.com\/ca\/wp-json\/wp\/v2\/media?parent=613806"}],"wp:term":[{"taxonomy":"category","embeddable":true,"href":"https:\/\/www.seaottereurope.com\/ca\/wp-json\/wp\/v2\/categories?post=613806"},{"taxonomy":"post_tag","embeddable":true,"href":"https:\/\/www.seaottereurope.com\/ca\/wp-json\/wp\/v2\/tags?post=613806"}],"curies":[{"name":"wp","href":"https:\/\/api.w.org\/{rel}","templated":true}]}}