{"id":622592,"date":"2026-04-27T13:56:18","date_gmt":"2026-04-27T11:56:18","guid":{"rendered":"https:\/\/www.seaottereurope.com\/la-226ers-uci-gravel-world-series-torna-el-19-de-setembre-a-la-shimano-sea-otter-europe-girona-costa-brava-by-garmin\/"},"modified":"2026-04-27T14:01:42","modified_gmt":"2026-04-27T12:01:42","slug":"la-226ers-uci-gravel-world-series-torna-el-19-de-setembre-a-la-shimano-sea-otter-europe-girona-costa-brava-by-garmin","status":"publish","type":"post","link":"https:\/\/www.seaottereurope.com\/ca\/la-226ers-uci-gravel-world-series-torna-el-19-de-setembre-a-la-shimano-sea-otter-europe-girona-costa-brava-by-garmin\/","title":{"rendered":"La 226ERS UCI Gravel World Series torna el 19 de setembre a la Shimano Sea Otter Europe Girona-Costa Brava by Garmin"},"content":{"rendered":"\n<h2 class=\"wp-block-heading\">La cursa tindr\u00e0 un nou recorregut i ja ha obert inscripcions per a la nova edici\u00f3<\/h2>\n\n<p>La Seu de la Generalitat de Catalunya a Girona ha acollit aquest mat\u00ed la presentaci\u00f3 de la 226ERS UCI Gravel World Series Girona-Costa Brava Sea Otter Europe. Els millors corredors del planeta es citen un any m\u00e9s a la capital del gravel i batallaran per una pla\u00e7a al Campionat del M\u00f3n de la disciplina. El recorregut renovat \u00e9s un dels majors al\u00b7licients d&#8217;una prova que aspira a superar l&#8217;\u00e8xit de les dues primeres edicions. Les inscripcions s&#8217;han obert a trav\u00e9s de la p\u00e0gina web: <a href=\"https:\/\/gironagravelworldseries.com\" target=\"_blank\" rel=\"noopener\">https:\/\/gironagravelworldseries.com<\/a>   <\/p>\n\n<p>L&#8217;acte ha comptat amb la pres\u00e8ncia de Narc\u00eds Cassassa, representant del Departament d&#8217;Esports de la Generalitat a Girona; Joaquim Roca (Diputaci\u00f3 Girona); Carles Ferrer, president de la Federaci\u00f3 Catalana de Ciclisme; i Albert Balcells, CEO d&#8217;Ocisport i de la Shimano Sea Otter Europe Girona-Costa Brava by Garmin.<\/p>\n\n<h2 class=\"wp-block-heading\"><strong>La 226ERS UCI Gravel World Series: el millor gravel del m\u00f3n<\/strong><\/h2>\n\n<p>La competici\u00f3 m\u00e9s important de gravel aterra de nou a Girona el pr\u00f2xim 19 de setembre. La cursa \u00e9s un dels grans reclams del programa esportiu de la Shimano Sea Otter Europe Girona-Costa Brava by Garmin i una oportunitat de luxe per gaudir dels millors especialistes del planeta. La prova atrau cada any corredors de primer nivell internacional en l&#8217;escenari incomparable de la comarca de Girona.  <\/p>\n\n<p>Seguint l&#8217;estructura de les UCI Gravel World Series, la prova tamb\u00e9 est\u00e0 oberta a amaters, que podran competir per grups d&#8217;edat i aspirar a classificar-se entre el millor 25% de la seva categoria, cosa que els dona acc\u00e9s directe al Campionat del M\u00f3n.<\/p>\n\n<p>El director de la prova, Albert Balcells, ha destacat que la cita gironina se situa \u201c<em>en el m\u00e0xim nivell mundial de la disciplina<\/em>\u201d i ha subratllat el valor afegit d&#8217;un festival que tamb\u00e9 incorporar\u00e0 la Copa del M\u00f3n de BTT, consolidant-se com un pol d&#8217;atracci\u00f3 esportiva de primer ordre.<\/p>\n\n<p>Per la seva banda, el president de la Federaci\u00f3 Catalana de Ciclisme, Carles Ferrer, ha remarcat que \u201c<em>la combinaci\u00f3 de disciplines ciclistes fan de la Sea Otter Europe un esdeveniment top, obert a tots els p\u00fablics i aficionats<\/em>\u201d, incidint en la capacitat del festival per integrar esport, ind\u00fastria i experi\u00e8ncia popular en un mateix espai.<\/p>\n\n<p>El diputat i president del Consorci Vies Verdes de Girona, Joaquim Roca, ha posat en valor l&#8217;escenari natural de la prova i ha assegurat que \u201c<em>ciclistes de tot el m\u00f3n veuran un entorn \u00fanic i exigent que generar\u00e0 un impacte econ\u00f2mic molt important al territori<\/em>\u201d, refor\u00e7ant el posicionament de Girona com a destinaci\u00f3 ciclista internacional.<\/p>\n\n<p>Finalment, el representant territorial del Departament d&#8217;Esports, Narc\u00eds Casassa, ha destacat la import\u00e0ncia estrat\u00e8gica d&#8217;aquest tipus de cites i ha afirmat que \u201c<em>per a Catalunya \u00e9s clau tenir esdeveniments esportius internacionals repartits pel territori<\/em>\u201d, contribuint a la projecci\u00f3 global i al desenvolupament econ\u00f2mic local.<\/p>\n\n<h2 class=\"wp-block-heading\"><strong>Un recorregut nou: 109 quil\u00f2metres i 940 metres de desnivell positiu<\/strong><\/h2>\n\n<p>L&#8217;organitzaci\u00f3 ha presentat un recorregut renovat que mant\u00e9 la mateixa ess\u00e8ncia, per\u00f2 que ofereix un repte diferent amb nous paisatges i desafiaments.<\/p>\n\n<p>El nou recorregut presenta una dist\u00e0ncia de 109 km amb 940 m de desnivell positiu. El recinte de C\u00e0rniques de Jui\u00e0 ser\u00e0 el punt d&#8217;inici i els corredors s&#8217;enfrontaran de bon comen\u00e7ament a una llarga pujada: 5,2 km al 6,2% de pendent mitj\u00e0. Aquest ascens seleccionar\u00e0 els favorits i desembocar\u00e0 en la baixada t\u00e8cnica del Coll de Llumeneres (KM21).  <\/p>\n\n<p>La cursa avan\u00e7ar\u00e0 entre boscos i paisatges verds. Les pistes r\u00e0pides del KM41 augmentaran la velocitat del grup. La pujada de Mas Llunes (KM83) podr\u00e0 decidir la cursa abans d&#8217;arribar a les \u00faltimes zones t\u00e8cniques de la jornada.  <\/p>\n\n<p>El recorregut reservar\u00e0 una pujada curta per\u00f2 dura (KM100) que podr\u00e0 ser definitiva, abans d&#8217;acabar dins del festival de ciclisme de la Shimano Sea Otter Europe Costa Brava-Girona by Garmin.<\/p>\n\n<p><strong>Una experi\u00e8ncia \u00fanica en el major festival ciclista<\/strong> Formar part de la 226ERS UCI Gravel World Series a Sea Otter Europe significa gaudir d&#8217;una prova de gravel de primer nivell dins d&#8217;un festival on es reuneixen les millors marques, ciclistes i professionals del sector; tot en una gran zona expo i m\u00faltiples activitats per a tots els p\u00fablics, l&#8217;esdeveniment s&#8217;ha consolidat com un referent en el m\u00f3n del ciclisme.<\/p>\n","protected":false},"excerpt":{"rendered":"<p>La cursa tindr\u00e0 un nou recorregut i ja ha obert inscripcions per a la nova edici\u00f3 La Seu de la Generalitat de Catalunya a Girona ha acollit aquest mat\u00ed la presentaci\u00f3 de la 226ERS UCI Gravel World Series Girona-Costa Brava Sea Otter Europe. Els millors corredors del planeta es citen un any m\u00e9s a la&hellip;<\/p>\n","protected":false},"author":6,"featured_media":622593,"comment_status":"closed","ping_status":"closed","sticky":false,"template":"","format":"standard","meta":{"footnotes":""},"categories":[1],"tags":[],"class_list":["post-622592","post","type-post","status-publish","format-standard","has-post-thumbnail","hentry","category-general-ca","category-1","description-off"],"_links":{"self":[{"href":"https:\/\/www.seaottereurope.com\/ca\/wp-json\/wp\/v2\/posts\/622592","targetHints":{"allow":["GET"]}}],"collection":[{"href":"https:\/\/www.seaottereurope.com\/ca\/wp-json\/wp\/v2\/posts"}],"about":[{"href":"https:\/\/www.seaottereurope.com\/ca\/wp-json\/wp\/v2\/types\/post"}],"author":[{"embeddable":true,"href":"https:\/\/www.seaottereurope.com\/ca\/wp-json\/wp\/v2\/users\/6"}],"replies":[{"embeddable":true,"href":"https:\/\/www.seaottereurope.com\/ca\/wp-json\/wp\/v2\/comments?post=622592"}],"version-history":[{"count":1,"href":"https:\/\/www.seaottereurope.com\/ca\/wp-json\/wp\/v2\/posts\/622592\/revisions"}],"predecessor-version":[{"id":622594,"href":"https:\/\/www.seaottereurope.com\/ca\/wp-json\/wp\/v2\/posts\/622592\/revisions\/622594"}],"wp:featuredmedia":[{"embeddable":true,"href":"https:\/\/www.seaottereurope.com\/ca\/wp-json\/wp\/v2\/media\/622593"}],"wp:attachment":[{"href":"https:\/\/www.seaottereurope.com\/ca\/wp-json\/wp\/v2\/media?parent=622592"}],"wp:term":[{"taxonomy":"category","embeddable":true,"href":"https:\/\/www.seaottereurope.com\/ca\/wp-json\/wp\/v2\/categories?post=622592"},{"taxonomy":"post_tag","embeddable":true,"href":"https:\/\/www.seaottereurope.com\/ca\/wp-json\/wp\/v2\/tags?post=622592"}],"curies":[{"name":"wp","href":"https:\/\/api.w.org\/{rel}","templated":true}]}}