{"id":624449,"date":"2026-09-01T09:40:21","date_gmt":"2026-09-01T07:40:21","guid":{"rendered":"https:\/\/www.seaottereurope.com\/tot-el-que-no-et-pots-perdre-a-la-shimano-sea-otter-europe-costa-brava-girona-by-garmin-2026\/"},"modified":"2026-09-01T09:46:47","modified_gmt":"2026-09-01T07:46:47","slug":"tot-el-que-no-et-pots-perdre-a-la-shimano-sea-otter-europe-costa-brava-girona-by-garmin-2026","status":"publish","type":"post","link":"https:\/\/www.seaottereurope.com\/ca\/tot-el-que-no-et-pots-perdre-a-la-shimano-sea-otter-europe-costa-brava-girona-by-garmin-2026\/","title":{"rendered":"Tot el que no et pots perdre a la Shimano Sea Otter Europe Costa Brava-Girona by Garmin 2026"},"content":{"rendered":"\n<p class=\"has-medium-font-size wp-block-paragraph\"><em>Del 18 al 20 de setembre, Girona acollir\u00e0 la desena edici\u00f3 del festival internacional de ciclisme m\u00e9s gran del sud d\u2019Europa, amb m\u00e9s de 500 marques, Copes del M\u00f3n, m\u00e9s de 40 marques disponibles per provar a la Demobike, activitats familiars, proves obertes a tothom i tres dies plens d\u2019esport i lleure.<\/em><\/p>\n\n<p class=\"has-medium-font-size wp-block-paragraph\"><em>Esportistes d\u2019elit, proves esportives de totes les modalitats, activitats per a tota la fam\u00edlia, confer\u00e8ncies, m\u00fasica, gastronomia i entrada gratu\u00efta per a tothom.<\/em><\/p>\n\n<div style=\"height:20px\" aria-hidden=\"true\" class=\"wp-block-spacer\"><\/div>\n\n<p class=\"wp-block-paragraph\">Ja est\u00e0 tot a punt perqu\u00e8 Girona torni a convertir-se en la capital internacional del ciclisme. Del <strong>18 al 20 de setembre<\/strong>, la Shimano Sea Otter Europe Costa Brava-Girona by Garmin celebrar\u00e0 la seva <strong>desena edici\u00f3<\/strong>, la m\u00e9s gran de la hist\u00f2ria, amb un festival que reunir\u00e0 en un mateix espai esportistes professionals, aficionats, fam\u00edlies, marques internacionals i professionals del sector. <\/p>\n\n<p class=\"wp-block-paragraph\">Despr\u00e9s de reunir <strong>74.000 visitants<\/strong> l\u2019any passat, el festival torna amb una edici\u00f3 de r\u00e8cord que creix un 10 % en superf\u00edcie expositiva, supera les <strong>500 marques<\/strong> presents i ofereix un programa amb activitats pr\u00e0cticament ininterrompudes durant tres dies. Una proposta pensada tant per a qui competeix al m\u00e0xim nivell com per a qui simplement vol passar un cap de setmana envoltat de bicicletes. <\/p>\n\n<div style=\"height:20px\" aria-hidden=\"true\" class=\"wp-block-spacer\"><\/div>\n\n<h2 class=\"wp-block-heading\"><strong>M\u00e9s de 500 marques i les \u00faltimes novetats del sector<\/strong><strong><\/strong><\/h2>\n\n<p class=\"wp-block-paragraph\">La zona d\u2019exposici\u00f3 tornar\u00e0 a ser un dels grans atractius del festival. Els visitants podran descobrir bicicletes i les principals novetats del mercat de la m\u00e0 de m\u00e9s de <strong>500 marques internacionals<\/strong>, convertint la Sea Otter Europe en el gran aparador del sector al sud d\u2019Europa. <\/p>\n\n<p class=\"wp-block-paragraph\">A m\u00e9s, els professionals tindran acc\u00e9s a <strong>Sea Otter Connect<\/strong>, on es faran confer\u00e8ncies amb experts del sector. Com a novetat, aquest any comptar\u00e0 amb la pres\u00e8ncia destacada de Paul Walsh, CEO d\u2019European Cycling Industries. Aquesta activitat tindr\u00e0 lloc dijous i divendres en tres franges tem\u00e0tiques: cicloturisme, ind\u00fastria i salut. Aix\u00ed mateix, els professionals comptaran amb dos espais exclusius, <strong>Business Club<\/strong> i <strong>Pro Business Area<\/strong>, que oferiran una oportunitat per fer networking amb empreses i experts del sector.   <\/p>\n\n<div style=\"height:20px\" aria-hidden=\"true\" class=\"wp-block-spacer\"><\/div>\n\n<h2 class=\"wp-block-heading\"><strong>Demobike: provar abans de comprar<\/strong><strong><\/strong><\/h2>\n\n<p class=\"wp-block-paragraph\">Una de les activitats amb m\u00e9s \u00e8xit del festival tornar\u00e0 a ser la <strong>Demobike<\/strong>, que permet reservar gratu\u00eftament bicicletes de les principals marques per provar-les en circuits especialment habilitats.<\/p>\n\n<p class=\"wp-block-paragraph\">Durant l\u2019edici\u00f3 passada es van registrar m\u00e9s de <strong>4.600 reserves<\/strong>, convertint aquesta activitat en una de les experi\u00e8ncies m\u00e9s valorades pels visitants.<\/p>\n\n<p class=\"wp-block-paragraph\">A partir de dem\u00e0, 2 de setembre, estaran disponibles les reserves de la Demobike de la marca Shimano, que s\u00f3n limitades fins a exhaurir places. Els models de la resta de marques estaran disponibles dimecres 3 de setembre. Totes les reserves es poden fer a trav\u00e9s del seg\u00fcent enlla\u00e7: <a href=\"https:\/\/demobikeseaottereurope.com\/\" target=\"_blank\" rel=\"noreferrer noopener\"><strong>https:\/\/demobikeseaottereurope.com\/ <\/strong><\/a>   <\/p>\n\n<div style=\"height:20px\" aria-hidden=\"true\" class=\"wp-block-spacer\"><\/div>\n\n<h2 class=\"wp-block-heading\"><strong>La bicicleta en totes les seves formes<\/strong><strong><\/strong><\/h2>\n\n<p class=\"wp-block-paragraph\">Durant tres dies, Girona reunir\u00e0 algunes de les competicions m\u00e9s prestigioses del calendari internacional juntament amb proves populars perqu\u00e8 qualsevol aficionat pugui viure el festival sobre la bicicleta.<\/p>\n\n<p class=\"wp-block-paragraph\">Entre les grans cites destaca la <strong>226ERS UCI Gravel World Series<\/strong>, classificat\u00f2ria per al Campionat del M\u00f3n UCI de Gravel, i la <strong>HERO UCI Cross-country Marathon World Cup<\/strong>, que tancar\u00e0 la temporada mundial d\u2019XCM. Tamb\u00e9 se celebrar\u00e0 la <strong>Shimano Super Cup Massi<\/strong>, una de les competicions internacionals d\u2019XCO m\u00e9s destacades, aix\u00ed com el <strong>Campionat d\u2019Espanya XCE<\/strong>, la <strong>Continental Series XCE<\/strong> i la <strong>XCC Continental Series<\/strong>, que reuniran alguns dels millors especialistes de les disciplines m\u00e9s explosives del BTT. <\/p>\n\n<p class=\"wp-block-paragraph\">Els ciclistes amateurs tamb\u00e9 podran formar part del festival amb proves com la <strong>SCOTT Marathon BTT<\/strong>, la <strong>Copa del M\u00f3n XCM Open<\/strong>, <strong>La Tramun Curta<\/strong>, la <strong>Ciclobrava by Lapierre<\/strong> o la <strong>Continental Gravel Ride Tour<\/strong>, adaptades a diferents nivells i modalitats.<\/p>\n\n<p class=\"wp-block-paragraph\">El programa esportiu es completar\u00e0 amb la <strong>Shimano Super Cup Youth<\/strong>, la <strong>Copa Girona Trial<\/strong>, el <strong>Mini DH<\/strong> i la <strong>MTB Classic<\/strong>, refor\u00e7ant l\u2019aposta del festival pel ciclisme de base, les activitats familiars i la promoci\u00f3 de totes les disciplines ciclistes.<\/p>\n\n<p class=\"wp-block-paragraph\">A m\u00e9s, aquest any se celebrar\u00e0 la Canyon Social Gravel Cronoescalada, que obrir\u00e0 inscripcions dilluns 7 de setembre i tindr\u00e0 lloc divendres a la tarda.<\/p>\n\n<div style=\"height:20px\" aria-hidden=\"true\" class=\"wp-block-spacer\"><\/div>\n\n<h2 class=\"wp-block-heading\"><strong>Quatre zones per descobrir tot el festival<\/strong><\/h2>\n\n<p class=\"wp-block-paragraph\">El recinte de la Shimano Sea Otter Europe estar\u00e0 distribu\u00eft en <a href=\"https:\/\/www.seaottereurope.com\/ca\/entrada-visitant-gratuita\/\" target=\"_blank\" data-type=\"page\" data-id=\"41571\" rel=\"noreferrer noopener\">quatre grans zones connectades<\/a> entre si, cadascuna amb una proposta diferenciada perqu\u00e8 els visitants puguin gaudir d\u2019una experi\u00e8ncia completa.<\/p>\n\n<p class=\"wp-block-paragraph\">La <strong>zona vermella<\/strong> ser\u00e0 la principal porta d\u2019entrada al festival, comptar\u00e0 amb alguns dels passadissos m\u00e9s concorreguts i concentrar\u00e0 espais destinats als professionals, com Sea Otter Connect, el Business Club, el centre d\u2019acreditacions i la sala de premsa, a m\u00e9s d\u2019una de les sortides de la Demobike. La <strong>zona verda<\/strong>, la m\u00e9s extensa del recinte, reunir\u00e0 bona part dels estands de les grans marques internacionals, les arribades i sortides d\u2019algunes de les principals proves esportives, l\u2019escenari principal, l\u2019Auditorium Vera, activitats infantils i la principal oferta gastron\u00f2mica del festival. <\/p>\n\n<p class=\"wp-block-paragraph\">Per la seva banda, la <strong>zona groga<\/strong> connectar\u00e0 la zona vermella amb la zona verda i acollir\u00e0 serveis pensats especialment per als participants a les proves, com l\u2019oficina de cursa, la recollida de dorsals, les dutxes o el rentabicicletes. Finalment, la <strong>zona rosa<\/strong> combinar\u00e0 la pres\u00e8ncia de marques del sector amb l\u2019Euro Mobility Festival i competicions com el Campionat d\u2019Espanya XCE o la Copa Girona Trial, a m\u00e9s d\u2019activitats familiars, m\u00fasica en directe i espais de restauraci\u00f3 perqu\u00e8 els visitants puguin gaudir del festival durant tota la jornada. <\/p>\n\n<div style=\"height:20px\" aria-hidden=\"true\" class=\"wp-block-spacer\"><\/div>\n\n<h2 class=\"wp-block-heading\"><strong>Un festival per gaudir en fam\u00edlia<\/strong><strong><\/strong><\/h2>\n\n<p class=\"wp-block-paragraph\">Una de les principals novetats de l\u2019edici\u00f3 d\u2019aquest any ser\u00e0 la presentaci\u00f3 de corredors a l\u2019escenari principal. Aix\u00ed, divendres a la tarda tindr\u00e0 lloc la presentaci\u00f3 de la 226ERS UCI Gravel World Series, mentre que dissabte al mat\u00ed ser\u00e0 el torn de la UCI Cross-country Marathon World Cup. <\/p>\n\n<p class=\"wp-block-paragraph\">La Sea Otter Europe \u00e9s molt m\u00e9s que un festival ciclista. Durant els tres dies hi haur\u00e0 activitats de tota mena, com l\u2019activitat de pintacares i el taller de xapes que se celebraran cada dia del festival; actuacions de m\u00fasica en directe i sessions de DJ; la m\u00e0gia del Mag Lluc dissabte al mat\u00ed; activitats infantils; una completa oferta gastron\u00f2mica amb diverses zones de food trucks; i confer\u00e8ncies obertes al p\u00fablic a l\u2019Auditorium Vera. <\/p>\n\n<div style=\"height:20px\" aria-hidden=\"true\" class=\"wp-block-spacer\"><\/div>\n\n<h2 class=\"wp-block-heading\"><strong>Com arribar a la Sea Otter Europe<\/strong><strong><\/strong><\/h2>\n\n<p class=\"wp-block-paragraph\">L\u2019organitzaci\u00f3 recomana planificar amb antelaci\u00f3 l\u2019arribada al festival i apostar, sempre que sigui possible, pels mitjans de transport col\u00b7lectius o sostenibles.<\/p>\n\n<p class=\"wp-block-paragraph\">El recinte de Fontajau disposar\u00e0 de diferents opcions d\u2019acc\u00e9s per facilitar la mobilitat dels milers de visitants previstos. Girona compta amb connexions ferrovi\u00e0ries d\u2019alta velocitat (AVE) i regionals, aix\u00ed com amb una xarxa d\u2019autobusos urbans que connecta l\u2019estaci\u00f3 amb el recinte firal. <\/p>\n\n<p class=\"wp-block-paragraph\">Qui arribi amb bicicleta podr\u00e0 accedir directament al festival i disposar\u00e0 de zones habilitades per a l\u2019estacionament de bicicletes, mentre que els visitants que optin pel vehicle privat trobaran diferents <a href=\"https:\/\/www.seaottereurope.com\/ca\/com-arribar-hi-i-aparcar\/\" data-type=\"page\" data-id=\"41478\">aparcaments i zones d\u2019estacionament habilitades per l\u2019organitzaci\u00f3<\/a>.<\/p>\n\n<p class=\"wp-block-paragraph\">Tota la informaci\u00f3 actualitzada sobre accessos, aparcaments, transport p\u00fablic i recomanacions de mobilitat es pot consultar al web oficial del festival. L\u2019acc\u00e9s al recinte \u00e9s gratu\u00eft, per\u00f2 cal descarregar pr\u00e8viament l\u2019entrada <a href=\"https:\/\/www.seaottereurope.com\/ca\/entrada-visitant-gratuita\/\" target=\"_blank\" data-type=\"link\" data-id=\"https:\/\/www.seaottereurope.com\/es\/entrada-visitante-gratuita\/\" rel=\"noreferrer noopener\"><strong>aqu\u00ed<\/strong><\/a>. <\/p>\n","protected":false},"excerpt":{"rendered":"<p>Del 18 al 20 de setembre, Girona acollir\u00e0 la desena edici\u00f3 del festival internacional de ciclisme m\u00e9s gran del sud d\u2019Europa, amb m\u00e9s de 500 marques, Copes del M\u00f3n, m\u00e9s de 40 marques disponibles per provar a la Demobike, activitats familiars, proves obertes a tothom i tres dies plens d\u2019esport i lleure. Esportistes d\u2019elit, proves&hellip;<\/p>\n","protected":false},"author":6,"featured_media":624450,"comment_status":"closed","ping_status":"closed","sticky":false,"template":"","format":"standard","meta":{"footnotes":""},"categories":[1],"tags":[],"class_list":["post-624449","post","type-post","status-publish","format-standard","has-post-thumbnail","hentry","category-general-ca","category-1","description-off"],"_links":{"self":[{"href":"https:\/\/www.seaottereurope.com\/ca\/wp-json\/wp\/v2\/posts\/624449","targetHints":{"allow":["GET"]}}],"collection":[{"href":"https:\/\/www.seaottereurope.com\/ca\/wp-json\/wp\/v2\/posts"}],"about":[{"href":"https:\/\/www.seaottereurope.com\/ca\/wp-json\/wp\/v2\/types\/post"}],"author":[{"embeddable":true,"href":"https:\/\/www.seaottereurope.com\/ca\/wp-json\/wp\/v2\/users\/6"}],"replies":[{"embeddable":true,"href":"https:\/\/www.seaottereurope.com\/ca\/wp-json\/wp\/v2\/comments?post=624449"}],"version-history":[{"count":1,"href":"https:\/\/www.seaottereurope.com\/ca\/wp-json\/wp\/v2\/posts\/624449\/revisions"}],"predecessor-version":[{"id":624451,"href":"https:\/\/www.seaottereurope.com\/ca\/wp-json\/wp\/v2\/posts\/624449\/revisions\/624451"}],"wp:featuredmedia":[{"embeddable":true,"href":"https:\/\/www.seaottereurope.com\/ca\/wp-json\/wp\/v2\/media\/624450"}],"wp:attachment":[{"href":"https:\/\/www.seaottereurope.com\/ca\/wp-json\/wp\/v2\/media?parent=624449"}],"wp:term":[{"taxonomy":"category","embeddable":true,"href":"https:\/\/www.seaottereurope.com\/ca\/wp-json\/wp\/v2\/categories?post=624449"},{"taxonomy":"post_tag","embeddable":true,"href":"https:\/\/www.seaottereurope.com\/ca\/wp-json\/wp\/v2\/tags?post=624449"}],"curies":[{"name":"wp","href":"https:\/\/api.w.org\/{rel}","templated":true}]}}