{"id":611876,"date":"2025-02-27T12:00:06","date_gmt":"2025-02-27T11:00:06","guid":{"rendered":"https:\/\/www.seaottereurope.com\/?p=611876"},"modified":"2026-01-07T14:42:07","modified_gmt":"2026-01-07T13:42:07","slug":"la-226ers-uci-gravel-world-series-vuelve-a-sea-otter-europe-inscripciones-abiertas","status":"publish","type":"post","link":"https:\/\/www.seaottereurope.com\/es\/la-226ers-uci-gravel-world-series-vuelve-a-sea-otter-europe-inscripciones-abiertas\/","title":{"rendered":"\u00a1La 226ERS UCI Gravel World Series vuelve a Sea Otter Europe: inscripciones abiertas!"},"content":{"rendered":"<h3><strong><em>La \u00faltima oportunidad para clasificarse para el Mundial UCI de Gravel te espera en Sea Otter Europe.<\/em><\/strong><\/h3>\n<p>La emoci\u00f3n del gravel vuelve a Gerona con la 226ERS UCI Gravel World Series, que por segundo a\u00f1o consecutivo formar\u00e1 parte del festival Sea Otter Europe. La prueba, que se celebrar\u00e1 el 20 de septiembre de 2025 dentro del marco del festival, abre hoy sus inscripciones en <strong><a href=\"http:\/\/gironagravelworldseries.com\" target=\"_blank\" rel=\"noopener\">gironagravelworldseries.com<\/a><\/strong> <\/p>\n<h2>\u00daltima oportunidad para clasificarse para el Mundial<\/h2>\n<p>La carrera ser\u00e1 la \u00faltima prueba clasificatoria antes del Campeonato del Mundo UCI Gravel, hecho que la convierte en una cita clave tanto para los mejores ciclistes de la disciplina como para los aficionados que quieran desafiarse en un recorrido espectacular.<\/p>\n<p>Con salida y llegada a Gerona, uno de los destinos ciclistas m\u00e1s ic\u00f3nicos del mundo, los participantes se enfrentar\u00e1n a un recorrido exigente, dise\u00f1ado para sacar lo mejor de cada corredor en una combinaci\u00f3n perfecta de senderos, pistas y paisajes de la Costa Brava y el Pirineo catal\u00e1n.<\/p>\n<h2>Un evento para profesionales y amateurs<\/h2>\n<p>La prueba est\u00e1 abierta tanto a ciclistas de \u00e9lite como a amateurs, siguiendo la estructura de las UCI Gravel World Series, donde cada corredor tendr\u00e1 la oportunidad de competir en su categor\u00eda y aspirar a la clasificaci\u00f3n para el Mundial.<\/p>\n<p>En la edici\u00f3n anterior, la carrera cont\u00f3 con la participaci\u00f3n de algunos de los mejores gravel riders internacionales, como Matevz Goveckar, Tiffany Cromwell, Alejandro Valverde, Tiago Ferreira, Letizia Borghes, Iv\u00e1n Garc\u00eda Cortina, Alison Jackson, Jack Haig, Jan Bakelants, Alic\u00eda Gonz\u00e1lez y Sophie Wright.<\/p>\n<h2>Una experiencia \u00fanica en el mayor festival ciclista<\/h2>\n<p>Formar parte de la 226ERS UCI Gravel World Series en Sea Otter Europe significa disfrutar de una prueba de gravel de primer nivel dentro de un festival donde se re\u00fanen las mejores marcas, ciclistas y profesionales del sector. Con m\u00e1s de 400 marcas expositoras y miles de visitantes, Sea Otter Europe es el epicentro del ciclismo en septiembre. <\/p>\n<h2>Sobre Sea Otter Europe<\/h2>\n<p>Sea Otter Europe Costa Brava-Girona es uno de los festivales ciclistas m\u00e1s importantes de Europa, reuniendo a miles de aficionados, marcas y profesionales del sector en Gerona. Con competiciones de primer nivel, una gran zona expo y m\u00faltiples actividades, el evento se ha consolidado como un referente en el mundo del ciclismo. <\/p>\n","protected":false},"excerpt":{"rendered":"<p>La \u00faltima oportunidad para clasificarse para el Mundial UCI de Gravel te espera en Sea Otter Europe. La emoci\u00f3n del gravel vuelve a Gerona con la 226ERS UCI Gravel World Series, que por segundo a\u00f1o consecutivo formar\u00e1 parte del festival Sea Otter Europe. La prueba, que se celebrar\u00e1 el 20 de septiembre de 2025 dentro&hellip;<\/p>\n","protected":false},"author":4,"featured_media":43355,"comment_status":"closed","ping_status":"closed","sticky":false,"template":"","format":"standard","meta":{"footnotes":""},"categories":[],"tags":[],"class_list":["post-611876","post","type-post","status-publish","format-standard","has-post-thumbnail","hentry","description-off"],"_links":{"self":[{"href":"https:\/\/www.seaottereurope.com\/es\/wp-json\/wp\/v2\/posts\/611876","targetHints":{"allow":["GET"]}}],"collection":[{"href":"https:\/\/www.seaottereurope.com\/es\/wp-json\/wp\/v2\/posts"}],"about":[{"href":"https:\/\/www.seaottereurope.com\/es\/wp-json\/wp\/v2\/types\/post"}],"author":[{"embeddable":true,"href":"https:\/\/www.seaottereurope.com\/es\/wp-json\/wp\/v2\/users\/4"}],"replies":[{"embeddable":true,"href":"https:\/\/www.seaottereurope.com\/es\/wp-json\/wp\/v2\/comments?post=611876"}],"version-history":[{"count":2,"href":"https:\/\/www.seaottereurope.com\/es\/wp-json\/wp\/v2\/posts\/611876\/revisions"}],"predecessor-version":[{"id":618854,"href":"https:\/\/www.seaottereurope.com\/es\/wp-json\/wp\/v2\/posts\/611876\/revisions\/618854"}],"wp:featuredmedia":[{"embeddable":true,"href":"https:\/\/www.seaottereurope.com\/es\/wp-json\/wp\/v2\/media\/43355"}],"wp:attachment":[{"href":"https:\/\/www.seaottereurope.com\/es\/wp-json\/wp\/v2\/media?parent=611876"}],"wp:term":[{"taxonomy":"category","embeddable":true,"href":"https:\/\/www.seaottereurope.com\/es\/wp-json\/wp\/v2\/categories?post=611876"},{"taxonomy":"post_tag","embeddable":true,"href":"https:\/\/www.seaottereurope.com\/es\/wp-json\/wp\/v2\/tags?post=611876"}],"curies":[{"name":"wp","href":"https:\/\/api.w.org\/{rel}","templated":true}]}}