{"id":613011,"date":"2025-04-23T13:00:11","date_gmt":"2025-04-23T11:00:11","guid":{"rendered":"https:\/\/www.seaottereurope.com\/?p=613011"},"modified":"2026-01-12T11:54:38","modified_gmt":"2026-01-12T10:54:38","slug":"sea-otter-europe-by-garmin-alcanza-el-80-por-ciento-de-reserva-de-espacio-en-la-zona-expo","status":"publish","type":"post","link":"https:\/\/www.seaottereurope.com\/es\/sea-otter-europe-by-garmin-alcanza-el-80-por-ciento-de-reserva-de-espacio-en-la-zona-expo\/","title":{"rendered":"SEA OTTER EUROPE BY GARMIN ALCANZA EL 80% DE RESERVA DE ESPACIO EN LA ZONA EXPO"},"content":{"rendered":"<h3><em>La ampliaci\u00f3n de la zona verde permitir\u00e1 a las marcas una mayor visibilidad y conexi\u00f3n directa con el p\u00fablico.<\/em><\/h3>\n<p>Sea Otter Europe Costa Brava-Girona by Garmin y el Euro Mobility Festival siguen consolid\u00e1ndose como eventos imprescindibles en el calendario del ciclismo internacional y la movilidad sostenible. Tras el \u00e9xito de las anteriores ediciones, la cita de 2025, que se celebrar\u00e1 del 19 al 21 de septiembre en Girona, contin\u00faa su evoluci\u00f3n positiva, tanto en n\u00famero de marcas como en superficie disponible.<\/p>\n<p>A falta de m\u00e1s de cinco meses para su celebraci\u00f3n, ya se ha alcanzado el 80% de ocupaci\u00f3n del espacio expositivo disponible, lo que anticipa una vez m\u00e1s el lleno total y reafirma el gran inter\u00e9s del sector por formar parte del festival.<\/p>\n<p>Adem\u00e1s, este a\u00f1o el evento crece en la zona verde, una de las \u00e1reas m\u00e1s din\u00e1micas del recinto, para dar mayor cabida a marcas que buscan potenciar su presencia en los espacios de demobike y tener m\u00e1s contacto directo con el visitante final y las competiciones. Este espacio contar\u00e1 tambi\u00e9n con destinaciones tur\u00edsticas, marcas de accesorios, zonas chill out y \u00e1reas vinculadas a pruebas deportivas, reforzando su papel como punto neur\u00e1lgico de experiencia y visibilidad para los expositores.<\/p>\n<p>Sea Otter Europe y el Euro Mobility Festival se han convertido en un espacio de encuentro ineludible para profesionales, marcas, instituciones y p\u00fablico general, en un entorno incomparable como es la Costa Brava y la ciudad de Girona. La edici\u00f3n de 2025 promete seguir marcando un nuevo est\u00e1ndar en festivales de ciclismo y movilidad en Europa.<\/p>\n","protected":false},"excerpt":{"rendered":"<p>La ampliaci\u00f3n de la zona verde permitir\u00e1 a las marcas una mayor visibilidad y conexi\u00f3n directa con el p\u00fablico. Sea Otter Europe Costa Brava-Girona by Garmin y el Euro Mobility Festival siguen consolid\u00e1ndose como eventos imprescindibles en el calendario del ciclismo internacional y la movilidad sostenible. Tras el \u00e9xito de las anteriores ediciones, la cita&hellip;<\/p>\n","protected":false},"author":4,"featured_media":618973,"comment_status":"closed","ping_status":"closed","sticky":false,"template":"","format":"standard","meta":{"footnotes":""},"categories":[236],"tags":[],"class_list":["post-613011","post","type-post","status-publish","format-standard","has-post-thumbnail","hentry","category-general","category-236","description-off"],"_links":{"self":[{"href":"https:\/\/www.seaottereurope.com\/es\/wp-json\/wp\/v2\/posts\/613011","targetHints":{"allow":["GET"]}}],"collection":[{"href":"https:\/\/www.seaottereurope.com\/es\/wp-json\/wp\/v2\/posts"}],"about":[{"href":"https:\/\/www.seaottereurope.com\/es\/wp-json\/wp\/v2\/types\/post"}],"author":[{"embeddable":true,"href":"https:\/\/www.seaottereurope.com\/es\/wp-json\/wp\/v2\/users\/4"}],"replies":[{"embeddable":true,"href":"https:\/\/www.seaottereurope.com\/es\/wp-json\/wp\/v2\/comments?post=613011"}],"version-history":[{"count":2,"href":"https:\/\/www.seaottereurope.com\/es\/wp-json\/wp\/v2\/posts\/613011\/revisions"}],"predecessor-version":[{"id":618803,"href":"https:\/\/www.seaottereurope.com\/es\/wp-json\/wp\/v2\/posts\/613011\/revisions\/618803"}],"wp:featuredmedia":[{"embeddable":true,"href":"https:\/\/www.seaottereurope.com\/es\/wp-json\/wp\/v2\/media\/618973"}],"wp:attachment":[{"href":"https:\/\/www.seaottereurope.com\/es\/wp-json\/wp\/v2\/media?parent=613011"}],"wp:term":[{"taxonomy":"category","embeddable":true,"href":"https:\/\/www.seaottereurope.com\/es\/wp-json\/wp\/v2\/categories?post=613011"},{"taxonomy":"post_tag","embeddable":true,"href":"https:\/\/www.seaottereurope.com\/es\/wp-json\/wp\/v2\/tags?post=613011"}],"curies":[{"name":"wp","href":"https:\/\/api.w.org\/{rel}","templated":true}]}}