{"id":613737,"date":"2025-06-06T16:04:39","date_gmt":"2025-06-06T14:04:39","guid":{"rendered":"https:\/\/www.seaottereurope.com\/ale-and-dmt-join-as-gold-sponsors-for-the-shimano-sea-otter-europe-girona-costa-brava-by-garmin-2025\/"},"modified":"2026-01-07T14:35:37","modified_gmt":"2026-01-07T13:35:37","slug":"ale-y-dmt-se-unen-como-gold-sponsor-a-la-shimano-sea-otter-europe-girona-costa-brava-by-garmin-2025","status":"publish","type":"post","link":"https:\/\/www.seaottereurope.com\/es\/ale-y-dmt-se-unen-como-gold-sponsor-a-la-shimano-sea-otter-europe-girona-costa-brava-by-garmin-2025\/","title":{"rendered":"AL\u00c9 Y DMT SE UNEN COMO GOLD SPONSOR A LA SHIMANO SEA OTTER EUROPE GIRONA COSTA BRAVA BY GARMIN 2025"},"content":{"rendered":"<p>Al\u00e9 Cycling y DMT, reconocidas marcas internacionales l\u00edderes en el dise\u00f1o y fabricaci\u00f3n de ropa y calzado para ciclistas, respectivamente, se unen al festival Shimano Sea Otter Europe Costa Brava-Girona by Garmin como nuevos Gold Sponsor.<\/p>\n<p>Esta uni\u00f3n refuerza el compromiso de ambas marcas con la voluntad de seguir creciendo y ser un partener importante para uno de los los eventos de ciclismo m\u00e1s relevantes de Europa.<\/p>\n<p>Federico Zecchetto, CEO del Grupo Zecchetto: \u00abEstamos encantados de ser sponsor de la Sea Otter Europe 2025, un evento que ha crecido en una manera extraordinaria para convertirse en uno de los eventos m\u00e1s importantes en el calendario ciclista europeo.<\/p>\n<p><em>La participaci\u00f3n en un evento tan din\u00e1mico e internacional tambi\u00e9n representa una oportunidad estrat\u00e9gica para reforzar la presencia de las marcas Al\u00e9 y DMT en Espa\u00f1a, un mercado que estamos desarrollando constantemente y en el que creemos firmemente.<\/em><\/p>\n<p>Sea Otter Europe es el lugar ideal para conocer a ciclistas apasionados, profesionales y operadores de en el sector, y para compartir nuestra visi\u00f3n de rendimiento, estilo e innovaci\u00f3n.\u00bb<\/p>\n","protected":false},"excerpt":{"rendered":"<p>Al\u00e9 Cycling y DMT, reconocidas marcas internacionales l\u00edderes en el dise\u00f1o y fabricaci\u00f3n de ropa y calzado para ciclistas, respectivamente, se unen al festival Shimano Sea Otter Europe Costa Brava-Girona by Garmin como nuevos Gold Sponsor. Esta uni\u00f3n refuerza el compromiso de ambas marcas con la voluntad de seguir creciendo y ser un partener importante&hellip;<\/p>\n","protected":false},"author":4,"featured_media":619045,"comment_status":"closed","ping_status":"closed","sticky":false,"template":"","format":"standard","meta":{"footnotes":""},"categories":[],"tags":[],"class_list":["post-613737","post","type-post","status-publish","format-standard","has-post-thumbnail","hentry","description-off"],"_links":{"self":[{"href":"https:\/\/www.seaottereurope.com\/es\/wp-json\/wp\/v2\/posts\/613737","targetHints":{"allow":["GET"]}}],"collection":[{"href":"https:\/\/www.seaottereurope.com\/es\/wp-json\/wp\/v2\/posts"}],"about":[{"href":"https:\/\/www.seaottereurope.com\/es\/wp-json\/wp\/v2\/types\/post"}],"author":[{"embeddable":true,"href":"https:\/\/www.seaottereurope.com\/es\/wp-json\/wp\/v2\/users\/4"}],"replies":[{"embeddable":true,"href":"https:\/\/www.seaottereurope.com\/es\/wp-json\/wp\/v2\/comments?post=613737"}],"version-history":[{"count":2,"href":"https:\/\/www.seaottereurope.com\/es\/wp-json\/wp\/v2\/posts\/613737\/revisions"}],"predecessor-version":[{"id":618816,"href":"https:\/\/www.seaottereurope.com\/es\/wp-json\/wp\/v2\/posts\/613737\/revisions\/618816"}],"wp:featuredmedia":[{"embeddable":true,"href":"https:\/\/www.seaottereurope.com\/es\/wp-json\/wp\/v2\/media\/619045"}],"wp:attachment":[{"href":"https:\/\/www.seaottereurope.com\/es\/wp-json\/wp\/v2\/media?parent=613737"}],"wp:term":[{"taxonomy":"category","embeddable":true,"href":"https:\/\/www.seaottereurope.com\/es\/wp-json\/wp\/v2\/categories?post=613737"},{"taxonomy":"post_tag","embeddable":true,"href":"https:\/\/www.seaottereurope.com\/es\/wp-json\/wp\/v2\/tags?post=613737"}],"curies":[{"name":"wp","href":"https:\/\/api.w.org\/{rel}","templated":true}]}}