{"id":622585,"date":"2026-04-27T13:56:18","date_gmt":"2026-04-27T11:56:18","guid":{"rendered":"https:\/\/www.seaottereurope.com\/?p=622585"},"modified":"2026-04-27T14:00:19","modified_gmt":"2026-04-27T12:00:19","slug":"la-226ers-uci-gravel-world-series-vuelve-el-19-de-septiembre-a-la-shimano-sea-otter-europe-girona-costa-brava-by-garmin","status":"publish","type":"post","link":"https:\/\/www.seaottereurope.com\/es\/la-226ers-uci-gravel-world-series-vuelve-el-19-de-septiembre-a-la-shimano-sea-otter-europe-girona-costa-brava-by-garmin\/","title":{"rendered":"La 226ERS UCI Gravel World Series vuelve el 19 de septiembre a la Shimano Sea Otter Europe Girona-Costa Brava by Garmin"},"content":{"rendered":"\n<h2 class=\"wp-block-heading\">La carrera tendr\u00e1 un nuevo recorrido y ya ha abierto inscripciones para la nueva edici\u00f3n<\/h2>\n\n\n\n<p>La Seu de la Generalitat de Catalunya en Girona ha acogido esta ma\u00f1ana la presentaci\u00f3n de la 226ERS UCI Gravel World Series Girona-Costa Brava Sea Otter Europe. Los mejores corredores del planeta se citan un a\u00f1o m\u00e1s en la capital del gravel y batallar\u00e1n por una plaza en el Campeonato del Mundo de la disciplina. El recorrido renovado es uno de los mayores alicientes de una prueba que aspira a superar el \u00e9xito de las dos primeras ediciones. Las inscripciones se han abierto a trav\u00e9s de la p\u00e1gina web: <a href=\"https:\/\/gironagravelworldseries.com\" target=\"_blank\" rel=\"noopener\">https:\/\/gironagravelworldseries.com<\/a><\/p>\n\n\n\n<p>El acto ha contado con la presencia de Narc\u00eds Cassassa, representante del Departamento de Deportes de la Generalitat en Girona; Joaquim Roca (Diputaci\u00f3 Girona); Carles Ferrer, presidente de la Federaci\u00f3 Catalana de Ciclisme; y Albert Balcells, CEO de Ocisport y de la Shimano Sea Otter Europe Girona-Costa Brava by Garmin.<\/p>\n\n\n\n<h2 class=\"wp-block-heading\"><strong>La 226ERS UCI Gravel World Series: el mejor gravel del mundo<\/strong><\/h2>\n\n\n\n<p>La competici\u00f3n m\u00e1s importante de gravel aterriza de nuevo en Girona el pr\u00f3xima 19 de septiembre. La carrera es uno de los grandes reclamos del programa deportivo de la Shimano Sea Otter Europe Girona-Costa Brava by Garmin y una oportunidad de lujo para disfrutar de los mejores especialistas del planeta. La prueba atrae cada a\u00f1o a corredores de primer nivel internacional en el escenario incomparable de la comarca de Girona.<\/p>\n\n\n\n<p>Siguiendo la estructura de las UCI Gravel World Series, la prueba tambi\u00e9n est\u00e1 abierta a amateurs, que podr\u00e1n competir por grupos de edad y aspirar a clasificarse entre el mejor 25% de su categor\u00eda, lo que les da acceso directo al Campeonato del Mundo.<\/p>\n\n\n\n<p>El director de la prueba, Albert Balcells, ha destacado que la cita gerundense se sit\u00faa \u201c<em>en el m\u00e1ximo nivel mundial de la disciplina<\/em>\u201d y ha subrayado el valor a\u00f1adido de un festival que tambi\u00e9n incorporar\u00e1 la Copa del Mundo de BTT, consolid\u00e1ndose como un polo de atracci\u00f3n deportiva de primer orden.<\/p>\n\n\n\n<p>Por su parte, el presidente de la Federaci\u00f3 Catalana de Ciclisme, Carles Ferrer, ha remarcado que \u201c<em>la combinaci\u00f3n de disciplinas ciclistas hacen de la Sea Otter Europe un acontecimiento top, abierto a todos los p\u00fablicos y aficonados<\/em>\u201d, incidiendo en la capacidad del festival para integrar deporte, industria y experiencia popular en un mismo espacio.<\/p>\n\n\n\n<p>El diputado y presidente del Consorci Vies Verdes de Girona, Joaquim Roca, ha puesto en valor el escenario natural de la prueba y ha asegurado que \u201c<em>ciclistas de todo el mundo ver\u00e1n un entorno \u00fanico y exigente que generar\u00e1 un impacto econ\u00f3mico muy importante en el territorio<\/em>\u201d, reforzando el posicionamiento de Girona como destino ciclista internacional.<\/p>\n\n\n\n<p>Finalmente, el representante territorial del Departamento de Deportes, Narc\u00eds Casassa, ha destacado la importancia estrat\u00e9gica de este tipo de citas y ha afirmado que \u201c<em>para Catalu\u00f1a es clave tener acontecimientos deportivos internacionales repartidos por el territorio<\/em>\u201d, contribuyendo a la proyecci\u00f3n global y al desarrollo econ\u00f3mico local.<\/p>\n\n\n\n<h2 class=\"wp-block-heading\"><strong>Un recorrido nuevo: 109 kil\u00f3metros y 940 metros de desnivel positivo<\/strong><\/h2>\n\n\n\n<p>La organizaci\u00f3n ha presentado un recorrido renovado que mantiene la misma esencia, pero que ofrece un reto diferente con nuevos paisajes y desaf\u00edos.<\/p>\n\n\n\n<p>El nuevo recorrido\u00a0presenta una distancia de 109km con 940m de desnivel positivo. El recinto de C\u00e0rniques de Jui\u00e0 ser\u00e0 el punto de inicio y los corredores enfrentar\u00e1n de comienzo una larga subida: 5,2km al 6,2% de pendiente media. Este ascenso seleccionar\u00e1 a los favoritos y desembocar\u00e1 en la bajada t\u00e9cnica del Coll de Llumeneres (KM21).<\/p>\n\n\n\n<p>La carrera avanzar\u00e1 entre bosques y paisajes verdes. Las pistas r\u00e1pidas del KM41 aumentar\u00e1n la velocidad del grupo. La subida de Mas Llunes (KM83) podr\u00e1 decidir la carrera antes de llegar a las \u00faltimas zonas t\u00e9cnicas de la jornada.<\/p>\n\n\n\n<p>El recorrido reservar\u00e1 una subida corta pero dura (KM100) que podr\u00e1 ser definitiva, antes de terminar dentro del festival de ciclismo de la Shimano Sea Otter Europe Costa Brava-Girona by Garmin.<\/p>\n\n\n\n<p><strong>Una experiencia \u00fanica en el mayor festival ciclista<\/strong> Formar parte de la 226ERS UCI Gravel World Series en Sea Otter Europe significa disfrutar de una prueba de gravel de primer nivel dentro de un festival donde se re\u00fanen las mejores marcas, ciclistas y profesionales del sector; todo en una gran zona expo y m\u00faltiples actividades para todos los p\u00fablicos, el evento se ha consolidado como un referente en el mundo del ciclismo.<\/p>\n","protected":false},"excerpt":{"rendered":"<p>La carrera tendr\u00e1 un nuevo recorrido y ya ha abierto inscripciones para la nueva edici\u00f3n La Seu de la Generalitat de Catalunya en Girona ha acogido esta ma\u00f1ana la presentaci\u00f3n de la 226ERS UCI Gravel World Series Girona-Costa Brava Sea Otter Europe. Los mejores corredores del planeta se citan un a\u00f1o m\u00e1s en la capital&hellip;<\/p>\n","protected":false},"author":6,"featured_media":622586,"comment_status":"closed","ping_status":"closed","sticky":false,"template":"","format":"standard","meta":{"footnotes":""},"categories":[236,1],"tags":[],"class_list":["post-622585","post","type-post","status-publish","format-standard","has-post-thumbnail","hentry","category-general","category-general-ca","category-236","category-1","description-off"],"_links":{"self":[{"href":"https:\/\/www.seaottereurope.com\/es\/wp-json\/wp\/v2\/posts\/622585","targetHints":{"allow":["GET"]}}],"collection":[{"href":"https:\/\/www.seaottereurope.com\/es\/wp-json\/wp\/v2\/posts"}],"about":[{"href":"https:\/\/www.seaottereurope.com\/es\/wp-json\/wp\/v2\/types\/post"}],"author":[{"embeddable":true,"href":"https:\/\/www.seaottereurope.com\/es\/wp-json\/wp\/v2\/users\/6"}],"replies":[{"embeddable":true,"href":"https:\/\/www.seaottereurope.com\/es\/wp-json\/wp\/v2\/comments?post=622585"}],"version-history":[{"count":4,"href":"https:\/\/www.seaottereurope.com\/es\/wp-json\/wp\/v2\/posts\/622585\/revisions"}],"predecessor-version":[{"id":622591,"href":"https:\/\/www.seaottereurope.com\/es\/wp-json\/wp\/v2\/posts\/622585\/revisions\/622591"}],"wp:featuredmedia":[{"embeddable":true,"href":"https:\/\/www.seaottereurope.com\/es\/wp-json\/wp\/v2\/media\/622586"}],"wp:attachment":[{"href":"https:\/\/www.seaottereurope.com\/es\/wp-json\/wp\/v2\/media?parent=622585"}],"wp:term":[{"taxonomy":"category","embeddable":true,"href":"https:\/\/www.seaottereurope.com\/es\/wp-json\/wp\/v2\/categories?post=622585"},{"taxonomy":"post_tag","embeddable":true,"href":"https:\/\/www.seaottereurope.com\/es\/wp-json\/wp\/v2\/tags?post=622585"}],"curies":[{"name":"wp","href":"https:\/\/api.w.org\/{rel}","templated":true}]}}