{"id":624443,"date":"2026-09-01T09:40:21","date_gmt":"2026-09-01T07:40:21","guid":{"rendered":"https:\/\/www.seaottereurope.com\/?p=624443"},"modified":"2026-09-01T09:44:14","modified_gmt":"2026-09-01T07:44:14","slug":"todo-lo-que-no-te-puedes-perder-en-la-shimano-sea-otter-europe-costa-brava-girona-by-garmin-2026","status":"publish","type":"post","link":"https:\/\/www.seaottereurope.com\/es\/todo-lo-que-no-te-puedes-perder-en-la-shimano-sea-otter-europe-costa-brava-girona-by-garmin-2026\/","title":{"rendered":"Todo lo que no te puedes perder en la Shimano Sea Otter Europe Costa Brava-Girona by Garmin 2026"},"content":{"rendered":"\n<p class=\"has-medium-font-size wp-block-paragraph\"><em>Del 18 al 20 de septiembre, Girona acoger\u00e1 la d\u00e9cima edici\u00f3n del festival internacional de ciclismo m\u00e1s grande del sur de Europa, con m\u00e1s de 500 marcas, Copas del Mundo, m\u00e1s de 40 marcas disponibles para probar en la Demobike, actividades familiares, pruebas abiertas a todo el mundo y tres d\u00edas repletos de deporte y ocio.<\/em><\/p>\n\n\n\n<p class=\"has-medium-font-size wp-block-paragraph\"><em>Deportistas de \u00e9lite, pruebas deportivas de todas las modalidades, actividades para toda la familia, conferencias, m\u00fasica, gastronom\u00eda y entrada gratuita para todo el mundo.<\/em><\/p>\n\n\n\n<div style=\"height:20px\" aria-hidden=\"true\" class=\"wp-block-spacer\"><\/div>\n\n\n\n<p class=\"wp-block-paragraph\">Ya est\u00e1 todo preparado para que Girona vuelva a convertirse en la capital internacional del ciclismo. Del <strong>18 al 20 de septiembre<\/strong>, la Shimano Sea Otter Europe Costa Brava-Girona by Garmin celebrar\u00e1 su <strong>d\u00e9cima edici\u00f3n<\/strong>, la m\u00e1s grande de la historia, con un festival que reunir\u00e1 en un mismo espacio a deportistas profesionales, aficionados, familias, marcas internacionales y profesionales del sector.<\/p>\n\n\n\n<p class=\"wp-block-paragraph\">Despu\u00e9s de reunir a <strong>74.000 visitantes<\/strong> el a\u00f1o pasado, el festival regresa con una edici\u00f3n de r\u00e9cord que crece un 10 % en superficie expositiva, supera las <strong>500 marcas<\/strong> presentes y ofrece un programa con actividades pr\u00e1cticamente ininterrumpidas durante tres d\u00edas. Una propuesta pensada tanto para quienes compiten al m\u00e1ximo nivel como para quienes simplemente quieren pasar un fin de semana rodeados de bicicletas.<\/p>\n\n\n\n<div style=\"height:20px\" aria-hidden=\"true\" class=\"wp-block-spacer\"><\/div>\n\n\n\n<h2 class=\"wp-block-heading\"><strong>M\u00e1s de 500 marcas y las \u00faltimas novedades del sector<\/strong><strong><\/strong><\/h2>\n\n\n\n<p class=\"wp-block-paragraph\">La zona de exposici\u00f3n volver\u00e1 a ser uno de los grandes atractivos del festival. Los visitantes podr\u00e1n descubrir bicicletas y las principales novedades del mercado de la mano de m\u00e1s de <strong>500 marcas internacionales<\/strong>, convirtiendo la Sea Otter Europe en el gran escaparate del sector en el sur de Europa.<\/p>\n\n\n\n<p class=\"wp-block-paragraph\">Adem\u00e1s, los profesionales tendr\u00e1n acceso a <strong>Sea Otter Connect<\/strong>, donde se desarrollar\u00e1n conferencias con expertos del sector. Como novedad, este a\u00f1o contar\u00e1 con la presencia destacada de Paul Walsh, CEO de European Cycling Industries. Esta actividad tendr\u00e1 lugar el jueves y el viernes en tres franjas tem\u00e1ticas: cicloturismo, industria y salud. Asimismo, los profesionales contar\u00e1n con dos espacios exclusivos, <strong>Business Club<\/strong> y <strong>Pro Business Area<\/strong>, que ofrecer\u00e1n una oportunidad para hacer networking con empresas y expertos del sector.<\/p>\n\n\n\n<div style=\"height:20px\" aria-hidden=\"true\" class=\"wp-block-spacer\"><\/div>\n\n\n\n<h2 class=\"wp-block-heading\"><strong>Demobike: probar antes de comprar<\/strong><strong><\/strong><\/h2>\n\n\n\n<p class=\"wp-block-paragraph\">Una de las actividades con m\u00e1s \u00e9xito del festival volver\u00e1 a ser la <strong>Demobike<\/strong>, que permite reservar gratuitamente bicicletas de las principales marcas para probarlas en circuitos especialmente habilitados.<\/p>\n\n\n\n<p class=\"wp-block-paragraph\">Durante la pasada edici\u00f3n se registraron m\u00e1s de <strong>4.600 reservas<\/strong>, convirtiendo esta actividad en una de las experiencias m\u00e1s valoradas por los visitantes.<\/p>\n\n\n\n<p class=\"wp-block-paragraph\">A partir de ma\u00f1ana, 2 de septiembre, estar\u00e1n disponibles las reservas de la Demobike de la marca Shimano, que son limitadas hasta agotar plazas. Los modelos del resto de marcas estar\u00e1n disponibles el mi\u00e9rcoles 3 de septiembre. Todas las reservas pueden realizarse a trav\u00e9s del siguiente enlace: <a href=\"https:\/\/demobikeseaottereurope.com\/\" target=\"_blank\" rel=\"noreferrer noopener\"><strong>https:\/\/demobikeseaottereurope.com\/\u00a0<\/strong><\/a><\/p>\n\n\n\n<div style=\"height:20px\" aria-hidden=\"true\" class=\"wp-block-spacer\"><\/div>\n\n\n\n<h2 class=\"wp-block-heading\"><strong>La bicicleta en todas sus formas<\/strong><strong><\/strong><\/h2>\n\n\n\n<p class=\"wp-block-paragraph\">Durante tres d\u00edas, Girona reunir\u00e1 algunas de las competiciones m\u00e1s prestigiosas del calendario internacional junto con pruebas populares para que cualquier aficionado pueda vivir el festival sobre la bicicleta.<\/p>\n\n\n\n<p class=\"wp-block-paragraph\">Entre las grandes citas destaca la <strong>226ERS UCI Gravel World Series<\/strong>, clasificatoria para el Campeonato del Mundo UCI de Gravel, y la <strong>HERO UCI Cross-country Marathon World Cup<\/strong>, que cerrar\u00e1 la temporada mundial de XCM. Tambi\u00e9n se celebrar\u00e1 la <strong>Shimano Super Cup Massi<\/strong>, una de las competiciones internacionales de XCO m\u00e1s destacadas, as\u00ed como el <strong>Campeonato de Espa\u00f1a XCE<\/strong>, la <strong>Continental Series XCE<\/strong> y la <strong>XCC Continental Series<\/strong>, que reunir\u00e1n a algunos de los mejores especialistas de las disciplinas m\u00e1s explosivas del BTT.<\/p>\n\n\n\n<p class=\"wp-block-paragraph\">Los ciclistas amateurs tambi\u00e9n podr\u00e1n formar parte del festival con pruebas como la <strong>SCOTT Marathon BTT<\/strong>, la <strong>Copa del Mundo XCM Open<\/strong>, <strong>La Tramun Curta<\/strong>, la <strong>Ciclobrava by Lapierre<\/strong> o la <strong>Continental Gravel Ride Tour<\/strong>, adaptadas a diferentes niveles y modalidades.<\/p>\n\n\n\n<p class=\"wp-block-paragraph\">El programa deportivo se completar\u00e1 con la <strong>Shimano Super Cup Youth<\/strong>, la <strong>Copa Girona Trial<\/strong>, el <strong>Mini DH<\/strong> y la <strong>MTB Classic<\/strong>, reforzando la apuesta del festival por el ciclismo de base, las actividades familiares y la promoci\u00f3n de todas las disciplinas ciclistas.<\/p>\n\n\n\n<p class=\"wp-block-paragraph\">Adem\u00e1s, este a\u00f1o se celebrar\u00e1 la Canyon Social Gravel Cronoescalada, que abrir\u00e1 inscripciones el lunes 7 de septiembre y tendr\u00e1 lugar el viernes por la tarde.<\/p>\n\n\n\n<div style=\"height:20px\" aria-hidden=\"true\" class=\"wp-block-spacer\"><\/div>\n\n\n\n<h2 class=\"wp-block-heading\"><strong>Cuatro zonas para descubrir todo el festival<\/strong><\/h2>\n\n\n\n<p class=\"wp-block-paragraph\">El recinto de la Shimano Sea Otter Europe estar\u00e1 distribuido en <a href=\"https:\/\/www.seaottereurope.com\/es\/entrada-visitante-gratuita\/\" target=\"_blank\" data-type=\"page\" data-id=\"41571\" rel=\"noreferrer noopener\">cuatro grandes zonas conectadas<\/a> entre s\u00ed, cada una con una propuesta diferenciada para que los visitantes puedan disfrutar de una experiencia completa.<\/p>\n\n\n\n<p class=\"wp-block-paragraph\">La <strong>zona roja<\/strong> ser\u00e1 la principal puerta de entrada al festival, contar\u00e1 con algunos de los pasillos m\u00e1s concurridos y concentrar\u00e1 espacios destinados a los profesionales, como Sea Otter Connect, el Business Club, el centro de acreditaciones y la sala de prensa, adem\u00e1s de una de las salidas de la Demobike. La <strong>zona verde<\/strong>, la m\u00e1s extensa del recinto, reunir\u00e1 buena parte de los estands de las grandes marcas internacionales, las llegadas y salidas de algunas de las principales pruebas deportivas, el escenario principal, el Auditorium Vera, actividades infantiles y la principal oferta gastron\u00f3mica del festival.<\/p>\n\n\n\n<p class=\"wp-block-paragraph\">Por su parte, la <strong>zona amarilla<\/strong> conectar\u00e1 la zona roja con la zona verde y acoger\u00e1 servicios pensados especialmente para los participantes en las pruebas, como la oficina de carrera, la recogida de dorsales, las duchas o el lavabicicletas. Finalmente, la <strong>zona rosa<\/strong> combinar\u00e1 la presencia de marcas del sector con el Euro Mobility Festival y competiciones como el Campeonato de Espa\u00f1a XCE o la Copa Girona Trial, adem\u00e1s de actividades familiares, m\u00fasica en directo y espacios de restauraci\u00f3n para que los visitantes puedan disfrutar del festival durante toda la jornada.<\/p>\n\n\n\n<div style=\"height:20px\" aria-hidden=\"true\" class=\"wp-block-spacer\"><\/div>\n\n\n\n<h2 class=\"wp-block-heading\"><strong>Un festival para disfrutar en familia<\/strong><strong><\/strong><\/h2>\n\n\n\n<p class=\"wp-block-paragraph\">Una de las principales novedades de la edici\u00f3n de este a\u00f1o ser\u00e1 la presentaci\u00f3n de corredores en el escenario principal. As\u00ed, el viernes por la tarde tendr\u00e1 lugar la presentaci\u00f3n de la 226ERS UCI Gravel World Series, mientras que el s\u00e1bado por la ma\u00f1ana ser\u00e1 el turno de la UCI Cross-country Marathon World Cup.<\/p>\n\n\n\n<p class=\"wp-block-paragraph\">La Sea Otter Europe es mucho m\u00e1s que un festival ciclista. Durante los tres d\u00edas habr\u00e1 actividades de todo tipo, como la actividad de pintacaras y el taller de chapas que se celebrar\u00e1n cada d\u00eda del festival; actuaciones de m\u00fasica en directo y sesiones de DJ; la magia del Mag Lluc el s\u00e1bado por la ma\u00f1ana; actividades infantiles; una completa oferta gastron\u00f3mica con varias zonas de food trucks; y conferencias abiertas al p\u00fablico en el Auditorium Vera.<\/p>\n\n\n\n<div style=\"height:20px\" aria-hidden=\"true\" class=\"wp-block-spacer\"><\/div>\n\n\n\n<h2 class=\"wp-block-heading\"><strong>C\u00f3mo llegar a la Sea Otter Europe<\/strong><strong><\/strong><\/h2>\n\n\n\n<p class=\"wp-block-paragraph\">La organizaci\u00f3n recomienda planificar con antelaci\u00f3n la llegada al festival y apostar, siempre que sea posible, por los medios de transporte colectivos o sostenibles.<\/p>\n\n\n\n<p class=\"wp-block-paragraph\">El recinto de Fontajau dispondr\u00e1 de diferentes opciones de acceso para facilitar la movilidad de los miles de visitantes previstos. Girona cuenta con conexiones ferroviarias de alta velocidad (AVE) y regionales, as\u00ed como con una red de autobuses urbanos que conecta la estaci\u00f3n con el recinto ferial.<\/p>\n\n\n\n<p class=\"wp-block-paragraph\">Quienes lleguen en bicicleta podr\u00e1n acceder directamente al festival y dispondr\u00e1n de zonas habilitadas para el estacionamiento de bicicletas, mientras que los visitantes que opten por el veh\u00edculo privado encontrar\u00e1n diferentes <a href=\"https:\/\/www.seaottereurope.com\/es\/como-llegar-y-aparcar\/\" data-type=\"page\" data-id=\"41478\">aparcamientos y zonas de estacionamiento habilitadas por la organizaci\u00f3n<\/a>.<\/p>\n\n\n\n<p class=\"wp-block-paragraph\">Toda la informaci\u00f3n actualizada sobre accesos, aparcamientos, transporte p\u00fablico y recomendaciones de movilidad puede consultarse en la web oficial del festival. El acceso al recinto es gratuito, pero es necesario descargar previamente la entrada <a href=\"https:\/\/www.seaottereurope.com\/es\/entrada-visitante-gratuita\/\" target=\"_blank\" data-type=\"link\" data-id=\"https:\/\/www.seaottereurope.com\/es\/entrada-visitante-gratuita\/\" rel=\"noreferrer noopener\"><strong>aqu\u00ed<\/strong><\/a>.<\/p>\n","protected":false},"excerpt":{"rendered":"<p>Del 18 al 20 de septiembre, Girona acoger\u00e1 la d\u00e9cima edici\u00f3n del festival internacional de ciclismo m\u00e1s grande del sur de Europa, con m\u00e1s de 500 marcas, Copas del Mundo, m\u00e1s de 40 marcas disponibles para probar en la Demobike, actividades familiares, pruebas abiertas a todo el mundo y tres d\u00edas repletos de deporte y&hellip;<\/p>\n","protected":false},"author":6,"featured_media":624446,"comment_status":"closed","ping_status":"closed","sticky":false,"template":"","format":"standard","meta":{"footnotes":""},"categories":[1],"tags":[],"class_list":["post-624443","post","type-post","status-publish","format-standard","has-post-thumbnail","hentry","category-general-ca","category-1","description-off"],"_links":{"self":[{"href":"https:\/\/www.seaottereurope.com\/es\/wp-json\/wp\/v2\/posts\/624443","targetHints":{"allow":["GET"]}}],"collection":[{"href":"https:\/\/www.seaottereurope.com\/es\/wp-json\/wp\/v2\/posts"}],"about":[{"href":"https:\/\/www.seaottereurope.com\/es\/wp-json\/wp\/v2\/types\/post"}],"author":[{"embeddable":true,"href":"https:\/\/www.seaottereurope.com\/es\/wp-json\/wp\/v2\/users\/6"}],"replies":[{"embeddable":true,"href":"https:\/\/www.seaottereurope.com\/es\/wp-json\/wp\/v2\/comments?post=624443"}],"version-history":[{"count":3,"href":"https:\/\/www.seaottereurope.com\/es\/wp-json\/wp\/v2\/posts\/624443\/revisions"}],"predecessor-version":[{"id":624448,"href":"https:\/\/www.seaottereurope.com\/es\/wp-json\/wp\/v2\/posts\/624443\/revisions\/624448"}],"wp:featuredmedia":[{"embeddable":true,"href":"https:\/\/www.seaottereurope.com\/es\/wp-json\/wp\/v2\/media\/624446"}],"wp:attachment":[{"href":"https:\/\/www.seaottereurope.com\/es\/wp-json\/wp\/v2\/media?parent=624443"}],"wp:term":[{"taxonomy":"category","embeddable":true,"href":"https:\/\/www.seaottereurope.com\/es\/wp-json\/wp\/v2\/categories?post=624443"},{"taxonomy":"post_tag","embeddable":true,"href":"https:\/\/www.seaottereurope.com\/es\/wp-json\/wp\/v2\/tags?post=624443"}],"curies":[{"name":"wp","href":"https:\/\/api.w.org\/{rel}","templated":true}]}}