{"id":611744,"date":"2025-02-04T14:30:55","date_gmt":"2025-02-04T13:30:55","guid":{"rendered":"https:\/\/www.seaottereurope.com\/?p=611744"},"modified":"2026-01-07T14:43:03","modified_gmt":"2026-01-07T13:43:03","slug":"le-sea-otter-europe-2025-accueillera-la-coupe-du-monde-xcm-le-21-septembre","status":"publish","type":"post","link":"https:\/\/www.seaottereurope.com\/fr\/le-sea-otter-europe-2025-accueillera-la-coupe-du-monde-xcm-le-21-septembre\/","title":{"rendered":"LA SEA OTTER EUROPE 2025 ACCUEILLERA UNE COUPE DU MONDE XCM LE 21 SEPTEMBRE"},"content":{"rendered":"<p><strong><em>La Tramun -organis\u00e9e par le Club BTT Fornells- et la Sea Otter Europe s&rsquo;associent pour pr\u00e9senter l&rsquo;un des grands \u00e9v\u00e9nements sportifs de l&rsquo;ann\u00e9e<\/em><\/strong><\/p>\n<p><strong><em>La course attirera les meilleurs sp\u00e9cialistes de la discipline et fera du festival un \u00e9v\u00e9nement encore plus international<\/em><\/strong><\/p>\n<p>La <strong>Sea Otter Europe Costa Brava-Girona<\/strong> de l\u2019ann\u00e9e prochaine accueillera une \u00e9preuve de la Coupe du Monde de la modalit\u00e9 Cross Country Marathon (XCM). L&rsquo;\u00e9v\u00e9nement s&rsquo;inscrit dans le programme sportif de la Sea Otter Europe et adopte le parcours de La Tramun, la populaire \u00e9preuve de VTT qui compte plus de 25 ans d\u2019histoire. Gr\u00e2ce \u00e0 cette alliance, l&rsquo;\u00e9preuve deviendra d\u00e9sormais un rendez-vous obligatoire dans le calendrier des meilleurs coureurs de la discipline, qui devront se battre pour les incomparables sentiers qui entourent l&rsquo;une des grandes capitales mondiales du cyclisme. La course, baptis\u00e9e La Tramun Sea Otter Europe, aura comme sc\u00e8ne de cet \u00e9v\u00e9nement mondial les paysages \u200bbois\u00e9s de G\u00e9rone, la Garrotxa, la Vall d\u2019Hostoles et la Vall del Ll\u00e9mena.   <\/p>\n<p>Le prestige d\u2019une \u00e9preuve de la Coupe du Monde sera un nouvel attrait pour le festival Sea Otter Europe, qui augmente son pari pour \u00eatre une r\u00e9f\u00e9rence internationale et re\u00e7oit \u00e0 bras ouverts l&rsquo;arriv\u00e9e de la Coupe du Monde XCM. Ce sera l&rsquo;une des derni\u00e8res \u00e9preuves du calendrier, de sorte que tr\u00e8s probablement <a href=\"https:\/\/bikemarathonbtt.com\/ca\/uci-world-cup-mtb-marathon-ca\/la-tramun-sea-otter-europe\/\" target=\"_blank\" rel=\"noopener\"><strong>La Tramun Sea Otter Europe<\/strong><\/a> soit d\u00e9cisive pour le classement g\u00e9n\u00e9ral. <\/p>\n<p>Cette annonce \u00e9l\u00e8ve la barre d&rsquo;un programme sportif de reconnaissance mondiale, qui comptera \u00e9galement pour la deuxi\u00e8me ann\u00e9e cons\u00e9cutive avec les <strong>UCI Gravel World Series.<\/strong>\u200b<\/p>\n<p>Le pr\u00e9sident de la <strong>Diputaci\u00f3 de Girona<\/strong> et du <strong>Patronat de Turisme Costa Brava Girona, Miquel Noguer<\/strong>, c\u00e9l\u00e8bre l\u2019arriv\u00e9e de l\u2019\u00e9preuve de la Coupe du Monde \u201cqui nous aidera \u00e0 exceller dans le positionnement de la Costa Brava et G\u00e9rone comme destinations de cyclisme de premier ordre. Cette \u00e9preuve sera un nouvel attrait pour les comp\u00e9titeurs et pour les amateurs de v\u00e9lo. Pour les visiteurs, ce sera \u00e9galement une opportunit\u00e9 unique de d\u00e9couvrir les attraits paysagers, culturels et gastronomiques de la Costa Brava et des Pyr\u00e9n\u00e9es de G\u00e9rone. Nous confirmons que le festival Sea Otter Europe Costa Brava-Girona se consolide apr\u00e8s huit \u00e9ditions et devient un catalyseur extraordinaire d\u2019\u00e9v\u00e9nements sportifs internationaux tout en \u00e9tant un p\u00f4le d\u2019attraction de l\u2019\u00e9lite dans les diff\u00e9rentes disciplines de cyclisme\u201d.<\/p>\n<p>Cette \u00e9preuve supposera un grand b\u00e9n\u00e9fice et l\u2019arriv\u00e9e de visiteurs et d\u2019amateurs de cyclisme dans la ville de G\u00e9rone. La vice-maire Gemma Geis, manifeste que \u201cc\u2019est enthousiasmant que la Sea Otter Europe incorpore de nouvelles \u00e9preuves et croisse comme \u00e9v\u00e9nement, pariant pour mettre en valeur le patrimoine naturel de G\u00e9rone et son environnement.\u201d De son c\u00f4t\u00e9, le conseiller aux sports, \u00c0dam Bertran, souligne que \u00ab\u00a0depuis la mairie de G\u00e9rone, le service des sports parie sur des \u00e9v\u00e9nements sportifs de premier plan dans la ville, qui apportent une valeur ajout\u00e9e et encouragent le sport de base. Que les meilleurs cyclistes du monde viennent \u00e0 G\u00e9rone, situe la ville une fois de plus comme une ville de succ\u00e8s sportif et que le pari pour devenir des r\u00e9f\u00e9rences de sport d&rsquo;\u00e9lite et de base fonctionne\u00a0\u00bb.  <\/p>\n<h2>Ainsi est La Tramun Sea Otter Europe Girona : 78 km et 2 800 m positifs<\/h2>\n<p>La Tramun Sea Otter Europe Girona se d\u00e9finit avec deux concepts : dure et captivante. La course propose un parcours spectaculaire, marqu\u00e9 par l&rsquo;\u00e9norme quantit\u00e9 de sentiers qui composent le circuit, avec d\u00e9part \u00e0 Les Planes d\u2019Hostoles (Garrotxa) et arriv\u00e9e \u00e0 G\u00e9rone. <strong>Les sentiers<\/strong>, qui ont converti la ville de G\u00e9rone en lieu de p\u00e8lerinage cycliste, sont les grands protagonistes d&rsquo;un trac\u00e9 qui met \u00e0 l&rsquo;\u00e9preuve les conditions physiques et les comp\u00e9tences techniques des coureurs. <\/p>\n<p>La Coupe du Monde XCM donnera acc\u00e8s tant aux comp\u00e9titeurs de la cat\u00e9gorie \u00c9lite qu&rsquo;\u00e0 ceux qui disposent d&rsquo;une licence <strong>UCI Master<\/strong>. De plus, l&rsquo;organisation offrira \u00e9galement la possibilit\u00e9 de participer en <strong>cat\u00e9gorie Open<\/strong>.<\/p>\n<p>D&rsquo;autre part, la Marathon Cup BTT se maintient au programme sportif du festival et fera la derni\u00e8re \u00e9tape du championnat \u00e0 la Sea Otter Europe 2025, de sorte que qui le souhaite pourra continuer \u00e0 profiter de l&rsquo;offre habituelle du championnat : distance longue (60 km) et distance courte (40 km) -les deux options \u00e9galement pour cat\u00e9gorie Pro et Open-.<\/p>\n<p><strong>Le parcours de la Tramun Sea Otter Europe, avec 78 km et 2 800 m\u00e8tres de d\u00e9nivel\u00e9 positif, est d\u2019un attrait incomparable.<\/strong> Le d\u00e9part aura lieu \u00e0 Les Planes d&rsquo;Hostoles. Le maire de la commune, Marc Puig, se montre tr\u00e8s satisfait de la nouvelle et affirme que \u201cpour le village, c\u2019est tr\u00e8s important pour l\u2019impact positif\u201d de la course, ainsi qu\u2019une preuve du pari de la mairie pour les \u00e9v\u00e9nements sportifs. <\/p>\n<p>Les coureurs s&rsquo;enfonceront dans une infinie succession de sentiers, dans une transition qui ira de l&rsquo;environnement volcanique de la Garrotxa aux for\u00eats m\u00e9diterran\u00e9ennes qui entourent G\u00e9rone. La premi\u00e8re partie de la course sera marqu\u00e9e par les ascensions exigeantes, tandis que dans la seconde, il y aura une descente longue et prononc\u00e9e, qui m\u00e8nera \u00e0 franchir la ligne d&rsquo;arriv\u00e9e avec une descente n\u00e9gative accumul\u00e9e de 3 150 m\u00e8tres. <\/p>\n<p>Le parcours est un pari s\u00fbr, car ce sera le m\u00eame que La Tramun, l\u2019embl\u00e9matique course organis\u00e9e par le Club BTT Fornells.<\/p>\n<p>La ligne d&rsquo;arriv\u00e9e sera situ\u00e9e dans l&rsquo;enceinte du salon de la <strong>Sea Otter Europe<\/strong>, avec un public nombreux attendant les arriv\u00e9es des cyclistes, dans le cadre de l&rsquo;un des festivals internationaux de cyclisme les plus importants du monde, qui se tiendra <strong>\u00e0 G\u00e9rone les 19-20-21 septembre<\/strong>. L&rsquo;\u00e9v\u00e9nement compte avec le soutien de la Mairie de G\u00e9rone, la Diputaci\u00f3 de Girona, le Secr\u00e9tariat G\u00e9n\u00e9ral du Sport et la F\u00e9d\u00e9ration Catalane de Cyclisme.<\/p>\n","protected":false},"excerpt":{"rendered":"<p>La Tramun -organis\u00e9e par le Club BTT Fornells- et la Sea Otter Europe s&rsquo;associent pour pr\u00e9senter l&rsquo;un des grands \u00e9v\u00e9nements sportifs de l&rsquo;ann\u00e9e La course attirera les meilleurs sp\u00e9cialistes de la discipline et fera du festival un \u00e9v\u00e9nement encore plus international La Sea Otter Europe Costa Brava-Girona de l\u2019ann\u00e9e prochaine accueillera une \u00e9preuve de la&hellip;<\/p>\n","protected":false},"author":4,"featured_media":618588,"comment_status":"closed","ping_status":"closed","sticky":false,"template":"","format":"standard","meta":{"footnotes":""},"categories":[186],"tags":[],"class_list":["post-611744","post","type-post","status-publish","format-standard","has-post-thumbnail","hentry","category-general-fr","category-186","description-off"],"_links":{"self":[{"href":"https:\/\/www.seaottereurope.com\/fr\/wp-json\/wp\/v2\/posts\/611744","targetHints":{"allow":["GET"]}}],"collection":[{"href":"https:\/\/www.seaottereurope.com\/fr\/wp-json\/wp\/v2\/posts"}],"about":[{"href":"https:\/\/www.seaottereurope.com\/fr\/wp-json\/wp\/v2\/types\/post"}],"author":[{"embeddable":true,"href":"https:\/\/www.seaottereurope.com\/fr\/wp-json\/wp\/v2\/users\/4"}],"replies":[{"embeddable":true,"href":"https:\/\/www.seaottereurope.com\/fr\/wp-json\/wp\/v2\/comments?post=611744"}],"version-history":[{"count":2,"href":"https:\/\/www.seaottereurope.com\/fr\/wp-json\/wp\/v2\/posts\/611744\/revisions"}],"predecessor-version":[{"id":618862,"href":"https:\/\/www.seaottereurope.com\/fr\/wp-json\/wp\/v2\/posts\/611744\/revisions\/618862"}],"wp:featuredmedia":[{"embeddable":true,"href":"https:\/\/www.seaottereurope.com\/fr\/wp-json\/wp\/v2\/media\/618588"}],"wp:attachment":[{"href":"https:\/\/www.seaottereurope.com\/fr\/wp-json\/wp\/v2\/media?parent=611744"}],"wp:term":[{"taxonomy":"category","embeddable":true,"href":"https:\/\/www.seaottereurope.com\/fr\/wp-json\/wp\/v2\/categories?post=611744"},{"taxonomy":"post_tag","embeddable":true,"href":"https:\/\/www.seaottereurope.com\/fr\/wp-json\/wp\/v2\/tags?post=611744"}],"curies":[{"name":"wp","href":"https:\/\/api.w.org\/{rel}","templated":true}]}}