{"id":611914,"date":"2025-02-27T12:00:06","date_gmt":"2025-02-27T11:00:06","guid":{"rendered":"https:\/\/www.seaottereurope.com\/?p=611914"},"modified":"2026-01-07T14:42:08","modified_gmt":"2026-01-07T13:42:08","slug":"la-226ers-uci-gravel-world-series-fait-son-retour-au-sea-otter-europe-inscriptions-ouvertes","status":"publish","type":"post","link":"https:\/\/www.seaottereurope.com\/fr\/la-226ers-uci-gravel-world-series-fait-son-retour-au-sea-otter-europe-inscriptions-ouvertes\/","title":{"rendered":"La 226ERS UCI Gravel World Series revient \u00e0 Sea Otter Europe&nbsp;: inscriptions ouvertes&nbsp;!"},"content":{"rendered":"<h3><strong><em>La derni\u00e8re chance de vous qualifier pour les Championnats du monde de gravel UCI vous attend \u00e0 Sea Otter Europe.<\/em><\/strong><\/h3>\n<p>L\u2019\u00e9motion du gravel revient \u00e0 G\u00e9rone avec la 226ERS UCI Gravel World Series, qui, pour la deuxi\u00e8me ann\u00e9e cons\u00e9cutive, fera partie du festival Sea Otter Europe. L\u2019\u00e9preuve, qui se d\u00e9roulera le 20&nbsp;septembre&nbsp;2025 dans le cadre du festival, ouvre aujourd\u2019hui ses inscriptions sur <strong><a href=\"http:\/\/gironagravelworldseries.com\" target=\"_blank\" rel=\"noopener\">gironagravelworldseries.com<\/a><\/strong> <\/p>\n<h2>Derni\u00e8re chance de se qualifier pour le Mondial<\/h2>\n<p>La course sera la derni\u00e8re \u00e9preuve de qualification avant les Championnats du monde de gravel UCI, ce qui en fait un \u00e9v\u00e9nement cl\u00e9 tant pour les meilleurs cyclistes de la discipline que pour les amateurs qui souhaitent se lancer un d\u00e9fi sur un parcours spectaculaire.<\/p>\n<p>Avec un d\u00e9part et une arriv\u00e9e \u00e0 G\u00e9rone, l\u2019une des destinations cyclistes les plus embl\u00e9matiques au monde, les participants affronteront un parcours exigeant, con\u00e7u pour tirer le meilleur de chaque coureur dans une combinaison parfaite de sentiers, de pistes et de paysages de la Costa Brava et des Pyr\u00e9n\u00e9es catalanes.<\/p>\n<h2>Un \u00e9v\u00e9nement pour les professionnels et les amateurs<\/h2>\n<p>L\u2019\u00e9preuve est ouverte tant aux cyclistes d\u2019\u00e9lite qu\u2019aux amateurs, suivant la structure des UCI Gravel World Series, o\u00f9 chaque coureur aura la possibilit\u00e9 de concourir dans sa cat\u00e9gorie et d\u2019aspirer \u00e0 la qualification pour le Mondial.<\/p>\n<p>Lors de l\u2019\u00e9dition pr\u00e9c\u00e9dente, la course a compt\u00e9 avec la participation de certains des meilleurs gravel riders internationaux, tels que Matevz Goveckar, Tiffany Cromwell, Alejandro Valverde, Tiago Ferreira, Letizia Borghes, Iv\u00e1n Garc\u00eda Cortina, Alison Jackson, Jack Haig, Jan Bakelants, Alic\u00eda Gonz\u00e1lez et Sophie Wright.<\/p>\n<h2>Une exp\u00e9rience unique dans le plus grand festival cycliste<\/h2>\n<p>Faire partie de la 226ERS UCI Gravel World Series \u00e0 Sea Otter Europe signifie profiter d\u2019une \u00e9preuve de gravel de premier niveau au sein d\u2019un festival o\u00f9 se r\u00e9unissent les meilleures marques, les cyclistes et les professionnels du secteur. Avec plus de 400&nbsp;marques exposantes et des milliers de visiteurs, Sea Otter Europe est l\u2019\u00e9picentre du cyclisme au mois de septembre. <\/p>\n<h2>\u00c0 propos de Sea Otter Europe<\/h2>\n<p>Sea Otter Europe Costa Brava-Girona est l\u2019un des festivals cyclistes les plus importants d\u2019Europe, r\u00e9unissant des milliers de passionn\u00e9s, de marques et de professionnels du secteur \u00e0 G\u00e9rone. Avec des comp\u00e9titions de premier niveau, une grande zone d\u2019exposition et de nombreuses activit\u00e9s, l\u2019\u00e9v\u00e9nement s\u2019est impos\u00e9 comme une r\u00e9f\u00e9rence dans le monde du cyclisme. <\/p>\n","protected":false},"excerpt":{"rendered":"<p>La derni\u00e8re chance de vous qualifier pour les Championnats du monde de gravel UCI vous attend \u00e0 Sea Otter Europe. L\u2019\u00e9motion du gravel revient \u00e0 G\u00e9rone avec la 226ERS UCI Gravel World Series, qui, pour la deuxi\u00e8me ann\u00e9e cons\u00e9cutive, fera partie du festival Sea Otter Europe. L\u2019\u00e9preuve, qui se d\u00e9roulera le 20&nbsp;septembre&nbsp;2025 dans le cadre&hellip;<\/p>\n","protected":false},"author":4,"featured_media":45683,"comment_status":"closed","ping_status":"closed","sticky":false,"template":"","format":"standard","meta":{"footnotes":""},"categories":[186],"tags":[],"class_list":["post-611914","post","type-post","status-publish","format-standard","has-post-thumbnail","hentry","category-general-fr","category-186","description-off"],"_links":{"self":[{"href":"https:\/\/www.seaottereurope.com\/fr\/wp-json\/wp\/v2\/posts\/611914","targetHints":{"allow":["GET"]}}],"collection":[{"href":"https:\/\/www.seaottereurope.com\/fr\/wp-json\/wp\/v2\/posts"}],"about":[{"href":"https:\/\/www.seaottereurope.com\/fr\/wp-json\/wp\/v2\/types\/post"}],"author":[{"embeddable":true,"href":"https:\/\/www.seaottereurope.com\/fr\/wp-json\/wp\/v2\/users\/4"}],"replies":[{"embeddable":true,"href":"https:\/\/www.seaottereurope.com\/fr\/wp-json\/wp\/v2\/comments?post=611914"}],"version-history":[{"count":2,"href":"https:\/\/www.seaottereurope.com\/fr\/wp-json\/wp\/v2\/posts\/611914\/revisions"}],"predecessor-version":[{"id":618855,"href":"https:\/\/www.seaottereurope.com\/fr\/wp-json\/wp\/v2\/posts\/611914\/revisions\/618855"}],"wp:featuredmedia":[{"embeddable":true,"href":"https:\/\/www.seaottereurope.com\/fr\/wp-json\/wp\/v2\/media\/45683"}],"wp:attachment":[{"href":"https:\/\/www.seaottereurope.com\/fr\/wp-json\/wp\/v2\/media?parent=611914"}],"wp:term":[{"taxonomy":"category","embeddable":true,"href":"https:\/\/www.seaottereurope.com\/fr\/wp-json\/wp\/v2\/categories?post=611914"},{"taxonomy":"post_tag","embeddable":true,"href":"https:\/\/www.seaottereurope.com\/fr\/wp-json\/wp\/v2\/tags?post=611914"}],"curies":[{"name":"wp","href":"https:\/\/api.w.org\/{rel}","templated":true}]}}