{"id":613027,"date":"2025-04-23T13:00:11","date_gmt":"2025-04-23T11:00:11","guid":{"rendered":"https:\/\/www.seaottereurope.com\/?p=613027"},"modified":"2026-01-12T11:53:35","modified_gmt":"2026-01-12T10:53:35","slug":"80-percent-de-l-espace-de-la-zone-expo-du-sea-otter-europe-by-garmin-est-deja-reserve","status":"publish","type":"post","link":"https:\/\/www.seaottereurope.com\/fr\/80-percent-de-l-espace-de-la-zone-expo-du-sea-otter-europe-by-garmin-est-deja-reserve\/","title":{"rendered":"SEA OTTER EUROPE BY GARMIN ATTEINT 80 % DE R\u00c9SERVATION D\u2019ESPACE DANS LA ZONE EXPO"},"content":{"rendered":"<h3><em>L\u2019extension de la zone verte permettra aux marques d\u2019avoir une plus grande visibilit\u00e9 et une connexion directe avec le public.<\/em><\/h3>\n<p>Sea Otter Europe Costa Brava-Girona by Garmin et l\u2019Euro Mobility Festival continuent de s\u2019imposer comme des \u00e9v\u00e9nements incontournables dans le calendrier du cyclisme international et de la mobilit\u00e9 durable. Apr\u00e8s le succ\u00e8s des \u00e9ditions pr\u00e9c\u00e9dentes, l\u2019\u00e9v\u00e9nement de 2025, qui se tiendra du 19 au 21 septembre \u00e0 G\u00e9rone, poursuit son \u00e9volution positive, tant en nombre de marques qu\u2019en surface disponible. <\/p>\n<p>\u00c0 plus de cinq mois de sa tenue, 80 % de l\u2019espace d\u2019exposition disponible est d\u00e9j\u00e0 occup\u00e9, ce qui laisse pr\u00e9sager une fois de plus une occupation totale et r\u00e9affirme le grand int\u00e9r\u00eat du secteur \u00e0 participer au festival.<\/p>\n<p>De plus, cette ann\u00e9e, l\u2019\u00e9v\u00e9nement se d\u00e9veloppe dans la zone verte, l\u2019une des zones les plus dynamiques du site, afin d\u2019accueillir davantage de marques qui cherchent \u00e0 renforcer leur pr\u00e9sence dans les espaces de d\u00e9mobike et \u00e0 avoir un contact plus direct avec le visiteur final et les comp\u00e9titions. Cet espace accueillera \u00e9galement des destinations touristiques, des marques d\u2019accessoires, des zones de d\u00e9tente et des zones li\u00e9es aux \u00e9preuves sportives, renfor\u00e7ant ainsi son r\u00f4le de point n\u00e9vralgique d\u2019exp\u00e9rience et de visibilit\u00e9 pour les exposants. <\/p>\n<p>Sea Otter Europe et l\u2019Euro Mobility Festival sont devenus un lieu de rencontre incontournable pour les professionnels, les marques, les institutions et le grand public, dans un environnement incomparable comme la Costa Brava et la ville de G\u00e9rone. L\u2019\u00e9dition 2025 promet de continuer \u00e0 \u00e9tablir une nouvelle norme dans les festivals de cyclisme et de mobilit\u00e9 en Europe. <\/p>\n","protected":false},"excerpt":{"rendered":"<p>L\u2019extension de la zone verte permettra aux marques d\u2019avoir une plus grande visibilit\u00e9 et une connexion directe avec le public. Sea Otter Europe Costa Brava-Girona by Garmin et l\u2019Euro Mobility Festival continuent de s\u2019imposer comme des \u00e9v\u00e9nements incontournables dans le calendrier du cyclisme international et de la mobilit\u00e9 durable. Apr\u00e8s le succ\u00e8s des \u00e9ditions pr\u00e9c\u00e9dentes,&hellip;<\/p>\n","protected":false},"author":4,"featured_media":618998,"comment_status":"closed","ping_status":"closed","sticky":false,"template":"","format":"standard","meta":{"footnotes":""},"categories":[186],"tags":[],"class_list":["post-613027","post","type-post","status-publish","format-standard","has-post-thumbnail","hentry","category-general-fr","category-186","description-off"],"_links":{"self":[{"href":"https:\/\/www.seaottereurope.com\/fr\/wp-json\/wp\/v2\/posts\/613027","targetHints":{"allow":["GET"]}}],"collection":[{"href":"https:\/\/www.seaottereurope.com\/fr\/wp-json\/wp\/v2\/posts"}],"about":[{"href":"https:\/\/www.seaottereurope.com\/fr\/wp-json\/wp\/v2\/types\/post"}],"author":[{"embeddable":true,"href":"https:\/\/www.seaottereurope.com\/fr\/wp-json\/wp\/v2\/users\/4"}],"replies":[{"embeddable":true,"href":"https:\/\/www.seaottereurope.com\/fr\/wp-json\/wp\/v2\/comments?post=613027"}],"version-history":[{"count":2,"href":"https:\/\/www.seaottereurope.com\/fr\/wp-json\/wp\/v2\/posts\/613027\/revisions"}],"predecessor-version":[{"id":618834,"href":"https:\/\/www.seaottereurope.com\/fr\/wp-json\/wp\/v2\/posts\/613027\/revisions\/618834"}],"wp:featuredmedia":[{"embeddable":true,"href":"https:\/\/www.seaottereurope.com\/fr\/wp-json\/wp\/v2\/media\/618998"}],"wp:attachment":[{"href":"https:\/\/www.seaottereurope.com\/fr\/wp-json\/wp\/v2\/media?parent=613027"}],"wp:term":[{"taxonomy":"category","embeddable":true,"href":"https:\/\/www.seaottereurope.com\/fr\/wp-json\/wp\/v2\/categories?post=613027"},{"taxonomy":"post_tag","embeddable":true,"href":"https:\/\/www.seaottereurope.com\/fr\/wp-json\/wp\/v2\/tags?post=613027"}],"curies":[{"name":"wp","href":"https:\/\/api.w.org\/{rel}","templated":true}]}}