{"id":613810,"date":"2025-06-17T08:23:42","date_gmt":"2025-06-17T06:23:42","guid":{"rendered":"https:\/\/www.seaottereurope.com\/shimano-sea-otter-europe-by-garmin-arriba-al-92-de-reserva-de-l-espai-a-la-zona-expo\/"},"modified":"2026-01-07T14:41:36","modified_gmt":"2026-01-07T13:41:36","slug":"shimano-sea-otter-europe-by-garmin-atteint-92-de-reservation-de-l-espace-dans-la-zone-expo","status":"publish","type":"post","link":"https:\/\/www.seaottereurope.com\/fr\/shimano-sea-otter-europe-by-garmin-atteint-92-de-reservation-de-l-espace-dans-la-zone-expo\/","title":{"rendered":"SHIMANO SEA OTTER EUROPE BY GARMIN ATTEINT 92 % DE R\u00c9SERVATION DE L\u2019ESPACE DANS LA ZONE EXPO"},"content":{"rendered":"<p>\u00c0 trois mois de sa tenue, <strong>Sea Otter Europe 2025<\/strong> a d\u00e9j\u00e0 couvert <strong>92 % de l\u2019espace d\u2019exposition<\/strong> disponible, ce qui laisse pr\u00e9sager, une ann\u00e9e de plus, un remplissage complet de la zone expo. Ce chiffre ne refl\u00e8te pas seulement le niveau \u00e9lev\u00e9 d\u2019occupation, mais r\u00e9affirme l\u2019\u00e9norme int\u00e9r\u00eat et la confiance du secteur cycliste international dans le festival. <\/p>\n<p>La r\u00e9ponse des marques a \u00e9t\u00e9, une fois de plus, \u00e9crasante. De grandes r\u00e9f\u00e9rences du monde du cyclisme \u2014 du cyclisme sur route au VTT, en passant par le gravel et les v\u00e9los \u00e9lectriques \u2014 ont confirm\u00e9 leur pr\u00e9sence, aux c\u00f4t\u00e9s de nombreuses entreprises \u00e9mergentes qui cherchent \u00e0 se positionner dans un environnement de haute visibilit\u00e9 et de contact direct avec le public amateur. <\/p>\n<p>Ce haut degr\u00e9 de participation consolide Sea Otter Europe comme <strong>l\u2019un des festivals cyclistes de r\u00e9f\u00e9rence en Europe<\/strong>, non seulement pour sa capacit\u00e9 de convocation, mais aussi pour sa combinaison unique de zone expo, d\u2019\u00e9preuves sportives de premier niveau, d\u2019activit\u00e9s pour tous les publics et d\u2019un environnement incomparable comme la ville de G\u00e9rone et la Costa Brava.<\/p>\n<p>L\u2019organisation continue de travailler pour finaliser les derni\u00e8res confirmations de marques et garantir une \u00e9dition 2025 encore plus ambitieuse, en renfor\u00e7ant tant les contenus que l\u2019exp\u00e9rience pour les exposants et les milliers de visiteurs attendus <strong>du 19 au 21 septembre.<\/strong><\/p>\n","protected":false},"excerpt":{"rendered":"<p>\u00c0 trois mois de sa tenue, Sea Otter Europe 2025 a d\u00e9j\u00e0 couvert 92 % de l\u2019espace d\u2019exposition disponible, ce qui laisse pr\u00e9sager, une ann\u00e9e de plus, un remplissage complet de la zone expo. Ce chiffre ne refl\u00e8te pas seulement le niveau \u00e9lev\u00e9 d\u2019occupation, mais r\u00e9affirme l\u2019\u00e9norme int\u00e9r\u00eat et la confiance du secteur cycliste international&hellip;<\/p>\n","protected":false},"author":4,"featured_media":619003,"comment_status":"closed","ping_status":"closed","sticky":false,"template":"","format":"standard","meta":{"footnotes":""},"categories":[186],"tags":[],"class_list":["post-613810","post","type-post","status-publish","format-standard","has-post-thumbnail","hentry","category-general-fr","category-186","description-off"],"_links":{"self":[{"href":"https:\/\/www.seaottereurope.com\/fr\/wp-json\/wp\/v2\/posts\/613810","targetHints":{"allow":["GET"]}}],"collection":[{"href":"https:\/\/www.seaottereurope.com\/fr\/wp-json\/wp\/v2\/posts"}],"about":[{"href":"https:\/\/www.seaottereurope.com\/fr\/wp-json\/wp\/v2\/types\/post"}],"author":[{"embeddable":true,"href":"https:\/\/www.seaottereurope.com\/fr\/wp-json\/wp\/v2\/users\/4"}],"replies":[{"embeddable":true,"href":"https:\/\/www.seaottereurope.com\/fr\/wp-json\/wp\/v2\/comments?post=613810"}],"version-history":[{"count":2,"href":"https:\/\/www.seaottereurope.com\/fr\/wp-json\/wp\/v2\/posts\/613810\/revisions"}],"predecessor-version":[{"id":618849,"href":"https:\/\/www.seaottereurope.com\/fr\/wp-json\/wp\/v2\/posts\/613810\/revisions\/618849"}],"wp:featuredmedia":[{"embeddable":true,"href":"https:\/\/www.seaottereurope.com\/fr\/wp-json\/wp\/v2\/media\/619003"}],"wp:attachment":[{"href":"https:\/\/www.seaottereurope.com\/fr\/wp-json\/wp\/v2\/media?parent=613810"}],"wp:term":[{"taxonomy":"category","embeddable":true,"href":"https:\/\/www.seaottereurope.com\/fr\/wp-json\/wp\/v2\/categories?post=613810"},{"taxonomy":"post_tag","embeddable":true,"href":"https:\/\/www.seaottereurope.com\/fr\/wp-json\/wp\/v2\/tags?post=613810"}],"curies":[{"name":"wp","href":"https:\/\/api.w.org\/{rel}","templated":true}]}}