{"id":622598,"date":"2026-04-27T13:56:18","date_gmt":"2026-04-27T11:56:18","guid":{"rendered":"https:\/\/www.seaottereurope.com\/la-226ers-uci-gravel-world-series-revient-le-19-septembre-a-la-shimano-sea-otter-europe-girona-costa-brava-by-garmin\/"},"modified":"2026-04-27T14:02:09","modified_gmt":"2026-04-27T12:02:09","slug":"la-226ers-uci-gravel-world-series-revient-le-19-septembre-a-la-shimano-sea-otter-europe-girona-costa-brava-by-garmin","status":"publish","type":"post","link":"https:\/\/www.seaottereurope.com\/fr\/la-226ers-uci-gravel-world-series-revient-le-19-septembre-a-la-shimano-sea-otter-europe-girona-costa-brava-by-garmin\/","title":{"rendered":"La 226ERS UCI Gravel World Series revient le 19 septembre \u00e0 la Shimano Sea Otter Europe Girona-Costa Brava by Garmin"},"content":{"rendered":"\n<h2 class=\"wp-block-heading\">La course proposera un nouveau parcours et les inscriptions pour la nouvelle \u00e9dition sont d\u00e9j\u00e0 ouvertes<\/h2>\n\n<p>Le si\u00e8ge de la Generalitat de Catalunya \u00e0 G\u00e9rone a accueilli ce matin la pr\u00e9sentation de la 226ERS UCI Gravel World Series Girona-Costa Brava Sea Otter Europe. Les meilleurs coureurs de la plan\u00e8te se donnent rendez-vous une ann\u00e9e de plus dans la capitale du gravel et se battront pour une place au Championnat du Monde de la discipline. Le parcours renouvel\u00e9 est l\u2019un des principaux attraits d\u2019une \u00e9preuve qui aspire \u00e0 surpasser le succ\u00e8s des deux premi\u00e8res \u00e9ditions. Les inscriptions sont ouvertes via le site web : <a href=\"https:\/\/gironagravelworldseries.com\" target=\"_blank\" rel=\"noopener\">https:\/\/gironagravelworldseries.com<\/a>   <\/p>\n\n<p>L\u2019\u00e9v\u00e9nement a compt\u00e9 sur la pr\u00e9sence de Narc\u00eds Cassassa, repr\u00e9sentant du d\u00e9partement des Sports de la Generalitat \u00e0 G\u00e9rone ; Joaquim Roca (Diputaci\u00f3 Girona) ; Carles Ferrer, pr\u00e9sident de la Federaci\u00f3 Catalana de Ciclisme ; et Albert Balcells, PDG d\u2019Ocisport et de la Shimano Sea Otter Europe Girona-Costa Brava by Garmin.<\/p>\n\n<h2 class=\"wp-block-heading\"><strong>La 226ERS UCI Gravel World Series : le meilleur du gravel mondial<\/strong><\/h2>\n\n<p>La plus importante comp\u00e9tition de gravel d\u00e9barque \u00e0 nouveau \u00e0 G\u00e9rone le 19 septembre prochain. La course est l\u2019un des points forts du programme sportif de la Shimano Sea Otter Europe Girona-Costa Brava by Garmin et une occasion unique de voir \u00e0 l\u2019\u0153uvre les meilleurs sp\u00e9cialistes de la plan\u00e8te. L\u2019\u00e9preuve attire chaque ann\u00e9e des coureurs de premier plan international dans le cadre incomparable de la r\u00e9gion de G\u00e9rone.  <\/p>\n\n<p>Suivant la structure des UCI Gravel World Series, l\u2019\u00e9preuve est \u00e9galement ouverte aux amateurs, qui pourront concourir par cat\u00e9gories d\u2019\u00e2ge et viser une qualification parmi les meilleurs 25 % de leur cat\u00e9gorie, ce qui leur donne un acc\u00e8s direct au Championnat du Monde.<\/p>\n\n<p>Le directeur de l\u2019\u00e9preuve, Albert Balcells, a soulign\u00e9 que le rendez-vous de G\u00e9rone se situe \u00ab <em>au plus haut niveau mondial de la discipline<\/em> \u00bb et a mis en avant la valeur ajout\u00e9e d\u2019un festival qui int\u00e9grera \u00e9galement la Coupe du Monde de VTT, se consolidant ainsi comme un p\u00f4le d\u2019attraction sportive de premier ordre.<\/p>\n\n<p>De son c\u00f4t\u00e9, le pr\u00e9sident de la Federaci\u00f3 Catalana de Ciclisme, Carles Ferrer, a remarqu\u00e9 que \u00ab <em>la combinaison des disciplines cyclistes fait de la Sea Otter Europe un \u00e9v\u00e9nement de premier plan, ouvert \u00e0 tous les publics et passionn\u00e9s<\/em> \u00bb, insistant sur la capacit\u00e9 du festival \u00e0 int\u00e9grer sport, industrie et exp\u00e9rience populaire dans un m\u00eame espace.<\/p>\n\n<p>Le d\u00e9put\u00e9 et pr\u00e9sident du Consorci Vies Verdes de Girona, Joaquim Roca, a mis en valeur le cadre naturel de l\u2019\u00e9preuve et a assur\u00e9 que \u00ab <em>les cyclistes du monde entier d\u00e9couvriront un environnement unique et exigeant qui g\u00e9n\u00e9rera un impact \u00e9conomique tr\u00e8s important sur le territoire<\/em> \u00bb, renfor\u00e7ant le positionnement de G\u00e9rone comme destination cycliste internationale.<\/p>\n\n<p>Enfin, le repr\u00e9sentant territorial du d\u00e9partement des Sports, Narc\u00eds Casassa, a soulign\u00e9 l\u2019importance strat\u00e9gique de ce type de rendez-vous et a affirm\u00e9 que \u00ab <em>pour la Catalogne, il est essentiel d\u2019avoir des \u00e9v\u00e9nements sportifs internationaux r\u00e9partis sur le territoire<\/em> \u00bb, contribuant ainsi au rayonnement mondial et au d\u00e9veloppement \u00e9conomique local.<\/p>\n\n<h2 class=\"wp-block-heading\"><strong>Un nouveau parcours : 109 kilom\u00e8tres et 940 m\u00e8tres de d\u00e9nivel\u00e9 positif<\/strong><\/h2>\n\n<p>L\u2019organisation a pr\u00e9sent\u00e9 un parcours renouvel\u00e9 qui conserve la m\u00eame essence, tout en offrant un d\u00e9fi diff\u00e9rent avec de nouveaux paysages et enjeux.<\/p>\n\n<p>Le nouveau parcours pr\u00e9sente une distance de 109 km avec 940 m de d\u00e9nivel\u00e9 positif. Le site de C\u00e0rniques de Jui\u00e0 sera le point de d\u00e9part et les coureurs affronteront d\u00e8s le d\u00e9but une longue ascension : 5,2 km \u00e0 6,2 % de pente moyenne. Cette mont\u00e9e s\u00e9lectionnera les favoris et d\u00e9bouchera sur la descente technique du Coll de Llumeneres (KM 21).  <\/p>\n\n<p>La course progressera entre for\u00eats et paysages verdoyants. Les pistes rapides du KM 41 augmenteront la vitesse du peloton. La mont\u00e9e de Mas Llunes (KM 83) pourra d\u00e9cider de l\u2019issue de la course avant d\u2019atteindre les derni\u00e8res zones techniques de la journ\u00e9e.  <\/p>\n\n<p>Le parcours r\u00e9servera une mont\u00e9e courte mais difficile (KM 100) qui pourrait s\u2019av\u00e9rer d\u00e9cisive, avant de se terminer au c\u0153ur du festival de cyclisme Shimano Sea Otter Europe Costa Brava-Girona by Garmin.<\/p>\n\n<p><strong>Une exp\u00e9rience unique au sein du plus grand festival cycliste<\/strong> Faire partie de la 226ERS UCI Gravel World Series \u00e0 la Sea Otter Europe, c\u2019est profiter d\u2019une \u00e9preuve de gravel de premier niveau au sein d\u2019un festival r\u00e9unissant les meilleures marques, cyclistes et professionnels du secteur ; le tout dans une grande zone d\u2019exposition avec de multiples activit\u00e9s pour tous les publics. L\u2019\u00e9v\u00e9nement s\u2019est impos\u00e9 comme une r\u00e9f\u00e9rence dans le monde du cyclisme.<\/p>\n","protected":false},"excerpt":{"rendered":"<p>La course proposera un nouveau parcours et les inscriptions pour la nouvelle \u00e9dition sont d\u00e9j\u00e0 ouvertes Le si\u00e8ge de la Generalitat de Catalunya \u00e0 G\u00e9rone a accueilli ce matin la pr\u00e9sentation de la 226ERS UCI Gravel World Series Girona-Costa Brava Sea Otter Europe. Les meilleurs coureurs de la plan\u00e8te se donnent rendez-vous une ann\u00e9e de&hellip;<\/p>\n","protected":false},"author":6,"featured_media":622599,"comment_status":"closed","ping_status":"closed","sticky":false,"template":"","format":"standard","meta":{"footnotes":""},"categories":[186],"tags":[],"class_list":["post-622598","post","type-post","status-publish","format-standard","has-post-thumbnail","hentry","category-general-fr","category-186","description-off"],"_links":{"self":[{"href":"https:\/\/www.seaottereurope.com\/fr\/wp-json\/wp\/v2\/posts\/622598","targetHints":{"allow":["GET"]}}],"collection":[{"href":"https:\/\/www.seaottereurope.com\/fr\/wp-json\/wp\/v2\/posts"}],"about":[{"href":"https:\/\/www.seaottereurope.com\/fr\/wp-json\/wp\/v2\/types\/post"}],"author":[{"embeddable":true,"href":"https:\/\/www.seaottereurope.com\/fr\/wp-json\/wp\/v2\/users\/6"}],"replies":[{"embeddable":true,"href":"https:\/\/www.seaottereurope.com\/fr\/wp-json\/wp\/v2\/comments?post=622598"}],"version-history":[{"count":1,"href":"https:\/\/www.seaottereurope.com\/fr\/wp-json\/wp\/v2\/posts\/622598\/revisions"}],"predecessor-version":[{"id":622600,"href":"https:\/\/www.seaottereurope.com\/fr\/wp-json\/wp\/v2\/posts\/622598\/revisions\/622600"}],"wp:featuredmedia":[{"embeddable":true,"href":"https:\/\/www.seaottereurope.com\/fr\/wp-json\/wp\/v2\/media\/622599"}],"wp:attachment":[{"href":"https:\/\/www.seaottereurope.com\/fr\/wp-json\/wp\/v2\/media?parent=622598"}],"wp:term":[{"taxonomy":"category","embeddable":true,"href":"https:\/\/www.seaottereurope.com\/fr\/wp-json\/wp\/v2\/categories?post=622598"},{"taxonomy":"post_tag","embeddable":true,"href":"https:\/\/www.seaottereurope.com\/fr\/wp-json\/wp\/v2\/tags?post=622598"}],"curies":[{"name":"wp","href":"https:\/\/api.w.org\/{rel}","templated":true}]}}