{"id":624452,"date":"2026-09-01T09:40:21","date_gmt":"2026-09-01T07:40:21","guid":{"rendered":"https:\/\/www.seaottereurope.com\/tout-ce-que-vous-ne-pouvez-pas-manquer-a-la-shimano-sea-otter-europe-costa-brava-girona-by-garmin-2026\/"},"modified":"2026-09-01T09:47:09","modified_gmt":"2026-09-01T07:47:09","slug":"tout-ce-que-vous-ne-pouvez-pas-manquer-a-la-shimano-sea-otter-europe-costa-brava-girona-by-garmin-2026","status":"publish","type":"post","link":"https:\/\/www.seaottereurope.com\/fr\/tout-ce-que-vous-ne-pouvez-pas-manquer-a-la-shimano-sea-otter-europe-costa-brava-girona-by-garmin-2026\/","title":{"rendered":"Tout ce que vous ne pouvez pas manquer \u00e0 la Shimano Sea Otter Europe Costa Brava-Girona by Garmin 2026"},"content":{"rendered":"\n<p class=\"has-medium-font-size wp-block-paragraph\"><em>Du 18 au 20 septembre, G\u00e9rone accueillera la dixi\u00e8me \u00e9dition du plus grand festival international de cyclisme du sud de l\u2019Europe, avec plus de 500 marques, des Coupes du monde, plus de 40 marques \u00e0 tester \u00e0 la Demobike, des activit\u00e9s familiales, des \u00e9preuves ouvertes \u00e0 tous et trois jours riches en sport et en loisirs.<\/em><\/p>\n\n<p class=\"has-medium-font-size wp-block-paragraph\"><em>Sportifs d\u2019\u00e9lite, \u00e9preuves sportives de toutes les disciplines, activit\u00e9s pour toute la famille, conf\u00e9rences, musique, gastronomie et entr\u00e9e gratuite pour tous.<\/em><\/p>\n\n<div style=\"height:20px\" aria-hidden=\"true\" class=\"wp-block-spacer\"><\/div>\n\n<p class=\"wp-block-paragraph\">Tout est d\u00e9j\u00e0 pr\u00eat pour que G\u00e9rone redevienne la capitale internationale du cyclisme. Du <strong>18 au 20 septembre<\/strong>, la Shimano Sea Otter Europe Costa Brava-Girona by Garmin c\u00e9l\u00e9brera sa <strong>dixi\u00e8me \u00e9dition<\/strong>, la plus grande de son histoire, avec un festival qui r\u00e9unira au m\u00eame endroit des sportifs professionnels, des amateurs, des familles, des marques internationales et des professionnels du secteur. <\/p>\n\n<p class=\"wp-block-paragraph\">Apr\u00e8s avoir r\u00e9uni <strong>74\u202f000 visiteurs<\/strong> l\u2019an dernier, le festival revient avec une \u00e9dition record qui augmente de 10 % sa surface d\u2019exposition, d\u00e9passe les <strong>500 marques<\/strong> pr\u00e9sentes et propose un programme d\u2019activit\u00e9s quasiment ininterrompues pendant trois jours. Une proposition pens\u00e9e autant pour ceux qui concourent au plus haut niveau que pour ceux qui souhaitent simplement passer un week-end entour\u00e9s de v\u00e9los. <\/p>\n\n<div style=\"height:20px\" aria-hidden=\"true\" class=\"wp-block-spacer\"><\/div>\n\n<h2 class=\"wp-block-heading\"><strong>Plus de 500 marques et les derni\u00e8res nouveaut\u00e9s du secteur<\/strong><strong><\/strong><\/h2>\n\n<p class=\"wp-block-paragraph\">La zone d\u2019exposition sera \u00e0 nouveau l\u2019un des grands attraits du festival. Les visiteurs pourront d\u00e9couvrir des v\u00e9los et les principales nouveaut\u00e9s du march\u00e9 aupr\u00e8s de plus de <strong>500 marques internationales<\/strong>, faisant de Sea Otter Europe la grande vitrine du secteur dans le sud de l\u2019Europe. <\/p>\n\n<p class=\"wp-block-paragraph\">Par ailleurs, les professionnels auront acc\u00e8s \u00e0 <strong>Sea Otter Connect<\/strong>, o\u00f9 se tiendront des conf\u00e9rences avec des experts du secteur. Nouveaut\u00e9 cette ann\u00e9e : la pr\u00e9sence remarqu\u00e9e de Paul Walsh, CEO de European Cycling Industries. Cette activit\u00e9 aura lieu jeudi et vendredi, autour de trois th\u00e9matiques : cyclotourisme, industrie et sant\u00e9. De plus, les professionnels disposeront de deux espaces exclusifs, <strong>Business Club<\/strong> et <strong>Pro Business Area<\/strong>, offrant une opportunit\u00e9 de networking avec des entreprises et des experts du secteur.   <\/p>\n\n<div style=\"height:20px\" aria-hidden=\"true\" class=\"wp-block-spacer\"><\/div>\n\n<h2 class=\"wp-block-heading\"><strong>Demobike : essayer avant d\u2019acheter<\/strong><strong><\/strong><\/h2>\n\n<p class=\"wp-block-paragraph\">L\u2019une des activit\u00e9s les plus pl\u00e9biscit\u00e9es du festival sera \u00e0 nouveau la <strong>Demobike<\/strong>, qui permet de r\u00e9server gratuitement des v\u00e9los des principales marques pour les tester sur des circuits sp\u00e9cialement am\u00e9nag\u00e9s.<\/p>\n\n<p class=\"wp-block-paragraph\">Lors de la derni\u00e8re \u00e9dition, plus de <strong>4\u202f600 r\u00e9servations<\/strong> ont \u00e9t\u00e9 enregistr\u00e9es, faisant de cette activit\u00e9 l\u2019une des exp\u00e9riences les plus appr\u00e9ci\u00e9es des visiteurs.<\/p>\n\n<p class=\"wp-block-paragraph\">\u00c0 partir de demain, le 2 septembre, les r\u00e9servations Demobike de la marque Shimano seront disponibles, en nombre limit\u00e9 jusqu\u2019\u00e0 \u00e9puisement des places. Les mod\u00e8les des autres marques seront disponibles le mercredi 3 septembre. Toutes les r\u00e9servations peuvent \u00eatre effectu\u00e9es via le lien suivant : <a href=\"https:\/\/demobikeseaottereurope.com\/\" target=\"_blank\" rel=\"noreferrer noopener\"><strong>https:\/\/demobikeseaottereurope.com\/ <\/strong><\/a>   <\/p>\n\n<div style=\"height:20px\" aria-hidden=\"true\" class=\"wp-block-spacer\"><\/div>\n\n<h2 class=\"wp-block-heading\"><strong>Le v\u00e9lo sous toutes ses formes<\/strong><strong><\/strong><\/h2>\n\n<p class=\"wp-block-paragraph\">Pendant trois jours, G\u00e9rone r\u00e9unira certaines des comp\u00e9titions les plus prestigieuses du calendrier international, aux c\u00f4t\u00e9s d\u2019\u00e9preuves populaires pour que chaque passionn\u00e9 puisse vivre le festival \u00e0 v\u00e9lo.<\/p>\n\n<p class=\"wp-block-paragraph\">Parmi les grands rendez-vous, citons la <strong>226ERS UCI Gravel World Series<\/strong>, qualificative pour le Championnat du monde UCI de Gravel, et la <strong>HERO UCI Cross-country Marathon World Cup<\/strong>, qui cl\u00f4turera la saison mondiale de XCM. La <strong>Shimano Super Cup Massi<\/strong> sera \u00e9galement au programme, l\u2019une des comp\u00e9titions internationales de XCO les plus marquantes, ainsi que le <strong>Championnat d\u2019Espagne XCE<\/strong>, la <strong>Continental Series XCE<\/strong> et la <strong>XCC Continental Series<\/strong>, qui r\u00e9uniront certains des meilleurs sp\u00e9cialistes des disciplines les plus explosives du VTT. <\/p>\n\n<p class=\"wp-block-paragraph\">Les cyclistes amateurs pourront \u00e9galement faire partie du festival avec des \u00e9preuves telles que la <strong>SCOTT Marathon BTT<\/strong>, la <strong>Coupe du monde XCM Open<\/strong>, <strong>La Tramun Curta<\/strong>, la <strong>Ciclobrava by Lapierre<\/strong> ou la <strong>Continental Gravel Ride Tour<\/strong>, adapt\u00e9es \u00e0 diff\u00e9rents niveaux et disciplines.<\/p>\n\n<p class=\"wp-block-paragraph\">Le programme sportif sera compl\u00e9t\u00e9 par la <strong>Shimano Super Cup Youth<\/strong>, la <strong>Copa Girona Trial<\/strong>, le <strong>Mini DH<\/strong> et la <strong>MTB Classic<\/strong>, renfor\u00e7ant l\u2019engagement du festival en faveur du cyclisme de base, des activit\u00e9s familiales et de la promotion de toutes les disciplines cyclistes.<\/p>\n\n<p class=\"wp-block-paragraph\">De plus, cette ann\u00e9e se tiendra la Canyon Social Gravel Cronoescalada, dont les inscriptions ouvriront le lundi 7 septembre et qui aura lieu le vendredi apr\u00e8s-midi.<\/p>\n\n<div style=\"height:20px\" aria-hidden=\"true\" class=\"wp-block-spacer\"><\/div>\n\n<h2 class=\"wp-block-heading\"><strong>Quatre zones pour d\u00e9couvrir l\u2019ensemble du festival<\/strong><\/h2>\n\n<p class=\"wp-block-paragraph\">Le site de la Shimano Sea Otter Europe sera r\u00e9parti en <a href=\"https:\/\/www.seaottereurope.com\/fr\/entree-visiteur-gratuite\/\" target=\"_blank\" data-type=\"page\" data-id=\"41571\" rel=\"noreferrer noopener\">quatre grandes zones connect\u00e9es<\/a> entre elles, chacune avec une proposition distincte afin que les visiteurs puissent profiter d\u2019une exp\u00e9rience compl\u00e8te.<\/p>\n\n<p class=\"wp-block-paragraph\">La <strong>zone rouge<\/strong> sera la principale porte d\u2019entr\u00e9e du festival ; elle comptera certains des all\u00e9es les plus fr\u00e9quent\u00e9es et concentrera des espaces destin\u00e9s aux professionnels, comme Sea Otter Connect, le Business Club, le centre d\u2019accr\u00e9ditations et la salle de presse, ainsi que l\u2019un des d\u00e9parts de la Demobike. La <strong>zone verte<\/strong>, la plus vaste du site, regroupera une grande partie des stands des grandes marques internationales, les arriv\u00e9es et d\u00e9parts de certaines des principales \u00e9preuves sportives, la sc\u00e8ne principale, l\u2019Auditorium Vera, des activit\u00e9s pour enfants et la principale offre gastronomique du festival. <\/p>\n\n<p class=\"wp-block-paragraph\">De son c\u00f4t\u00e9, la <strong>zone jaune<\/strong> reliera la zone rouge \u00e0 la zone verte et accueillera des services pens\u00e9s sp\u00e9cialement pour les participants aux \u00e9preuves, comme le bureau de course, le retrait des dossards, les douches ou la station de lavage pour v\u00e9los. Enfin, la <strong>zone rose<\/strong> combinera la pr\u00e9sence de marques du secteur avec l\u2019Euro Mobility Festival et des comp\u00e9titions comme le Championnat d\u2019Espagne XCE ou la Copa Girona Trial, ainsi que des activit\u00e9s familiales, de la musique en direct et des espaces de restauration pour que les visiteurs puissent profiter du festival tout au long de la journ\u00e9e. <\/p>\n\n<div style=\"height:20px\" aria-hidden=\"true\" class=\"wp-block-spacer\"><\/div>\n\n<h2 class=\"wp-block-heading\"><strong>Un festival \u00e0 vivre en famille<\/strong><strong><\/strong><\/h2>\n\n<p class=\"wp-block-paragraph\">L\u2019une des principales nouveaut\u00e9s de l\u2019\u00e9dition de cette ann\u00e9e sera la pr\u00e9sentation des coureurs sur la sc\u00e8ne principale. Ainsi, le vendredi apr\u00e8s-midi aura lieu la pr\u00e9sentation de la 226ERS UCI Gravel World Series, tandis que le samedi matin sera consacr\u00e9 \u00e0 la UCI Cross-country Marathon World Cup. <\/p>\n\n<p class=\"wp-block-paragraph\">Sea Otter Europe est bien plus qu\u2019un festival cycliste. Pendant les trois jours, il y aura des activit\u00e9s de toutes sortes, comme l\u2019atelier de maquillage et l\u2019atelier de badges organis\u00e9s chaque jour du festival ; des concerts et des sessions DJ ; la magie de Mag Lluc le samedi matin ; des activit\u00e9s pour enfants ; une offre gastronomique compl\u00e8te avec plusieurs zones de food trucks ; et des conf\u00e9rences ouvertes au public \u00e0 l\u2019Auditorium Vera. <\/p>\n\n<div style=\"height:20px\" aria-hidden=\"true\" class=\"wp-block-spacer\"><\/div>\n\n<h2 class=\"wp-block-heading\"><strong>Comment se rendre \u00e0 Sea Otter Europe<\/strong><strong><\/strong><\/h2>\n\n<p class=\"wp-block-paragraph\">L\u2019organisation recommande de planifier \u00e0 l\u2019avance votre arriv\u00e9e au festival et de privil\u00e9gier, chaque fois que possible, les moyens de transport collectifs ou durables.<\/p>\n\n<p class=\"wp-block-paragraph\">Le site de Fontajau proposera diff\u00e9rentes options d\u2019acc\u00e8s afin de faciliter la mobilit\u00e9 des milliers de visiteurs attendus. G\u00e9rone dispose de liaisons ferroviaires \u00e0 grande vitesse (AVE) et r\u00e9gionales, ainsi que d\u2019un r\u00e9seau de bus urbains reliant la gare au parc des expositions. <\/p>\n\n<p class=\"wp-block-paragraph\">Les personnes arrivant \u00e0 v\u00e9lo pourront acc\u00e9der directement au festival et disposeront de zones am\u00e9nag\u00e9es pour le stationnement des v\u00e9los, tandis que les visiteurs optant pour le v\u00e9hicule priv\u00e9 trouveront diff\u00e9rents <a href=\"https:\/\/www.seaottereurope.com\/fr\/comment-sy-rendre-et-se-garer\/\" data-type=\"page\" data-id=\"41478\">parkings et zones de stationnement mis en place par l\u2019organisation<\/a>.<\/p>\n\n<p class=\"wp-block-paragraph\">Toutes les informations actualis\u00e9es sur les acc\u00e8s, les parkings, les transports publics et les recommandations de mobilit\u00e9 peuvent \u00eatre consult\u00e9es sur le site officiel du festival. L\u2019acc\u00e8s au site est gratuit, mais il est n\u00e9cessaire de t\u00e9l\u00e9charger au pr\u00e9alable votre billet <a href=\"https:\/\/www.seaottereurope.com\/fr\/entree-visiteur-gratuite\/\" target=\"_blank\" data-type=\"link\" data-id=\"https:\/\/www.seaottereurope.com\/es\/entrada-visitante-gratuita\/\" rel=\"noreferrer noopener\"><strong>ici<\/strong><\/a>. <\/p>\n","protected":false},"excerpt":{"rendered":"<p>Du 18 au 20 septembre, G\u00e9rone accueillera la dixi\u00e8me \u00e9dition du plus grand festival international de cyclisme du sud de l\u2019Europe, avec plus de 500 marques, des Coupes du monde, plus de 40 marques \u00e0 tester \u00e0 la Demobike, des activit\u00e9s familiales, des \u00e9preuves ouvertes \u00e0 tous et trois jours riches en sport et en&hellip;<\/p>\n","protected":false},"author":6,"featured_media":624453,"comment_status":"closed","ping_status":"closed","sticky":false,"template":"","format":"standard","meta":{"footnotes":""},"categories":[186],"tags":[],"class_list":["post-624452","post","type-post","status-publish","format-standard","has-post-thumbnail","hentry","category-general-fr","category-186","description-off"],"_links":{"self":[{"href":"https:\/\/www.seaottereurope.com\/fr\/wp-json\/wp\/v2\/posts\/624452","targetHints":{"allow":["GET"]}}],"collection":[{"href":"https:\/\/www.seaottereurope.com\/fr\/wp-json\/wp\/v2\/posts"}],"about":[{"href":"https:\/\/www.seaottereurope.com\/fr\/wp-json\/wp\/v2\/types\/post"}],"author":[{"embeddable":true,"href":"https:\/\/www.seaottereurope.com\/fr\/wp-json\/wp\/v2\/users\/6"}],"replies":[{"embeddable":true,"href":"https:\/\/www.seaottereurope.com\/fr\/wp-json\/wp\/v2\/comments?post=624452"}],"version-history":[{"count":1,"href":"https:\/\/www.seaottereurope.com\/fr\/wp-json\/wp\/v2\/posts\/624452\/revisions"}],"predecessor-version":[{"id":624454,"href":"https:\/\/www.seaottereurope.com\/fr\/wp-json\/wp\/v2\/posts\/624452\/revisions\/624454"}],"wp:featuredmedia":[{"embeddable":true,"href":"https:\/\/www.seaottereurope.com\/fr\/wp-json\/wp\/v2\/media\/624453"}],"wp:attachment":[{"href":"https:\/\/www.seaottereurope.com\/fr\/wp-json\/wp\/v2\/media?parent=624452"}],"wp:term":[{"taxonomy":"category","embeddable":true,"href":"https:\/\/www.seaottereurope.com\/fr\/wp-json\/wp\/v2\/categories?post=624452"},{"taxonomy":"post_tag","embeddable":true,"href":"https:\/\/www.seaottereurope.com\/fr\/wp-json\/wp\/v2\/tags?post=624452"}],"curies":[{"name":"wp","href":"https:\/\/api.w.org\/{rel}","templated":true}]}}